{"id":44251,"date":"2024-10-02T21:44:54","date_gmt":"2024-10-02T21:44:54","guid":{"rendered":"https:\/\/tvbrazilusa.com\/2024\/10\/02\/pgr-se-manifesta-a-favor-da-progressao-de-regime-a-silveira-paulo-figueiredo\/"},"modified":"2024-10-02T22:07:16","modified_gmt":"2024-10-02T22:07:16","slug":"pgr-se-manifesta-a-favor-da-progressao-de-regime-a-silveira-paulo-figueiredo","status":"publish","type":"post","link":"https:\/\/tvbrazilusa.com\/pt\/2024\/10\/02\/pgr-se-manifesta-a-favor-da-progressao-de-regime-a-silveira-paulo-figueiredo\/","title":{"rendered":"PGR se manifesta a favor da progress\u00e3o de regime a Silveira &#8211; Paulo Figueiredo"},"content":{"rendered":"<p> <script async src=\"https:\/\/pagead2.googlesyndication.com\/pagead\/js\/adsbygoogle.js?client=ca-pub-8864793242727901\"\r\n     crossorigin=\"anonymous\"><\/script><br \/>\n<\/p>\n<div id=\"wtr-content\" data-bg=\"#FFFFFF\" data-fg=\"#006d91\" data-width=\"25\" data-mute=\"1\" data-fgopacity=\"1.00\" data-mutedopacity=\"0.5\" data-placement=\"bottom\" data-placement-offset=\"0\" data-content-offset=\"262\" data-placement-touch=\"bottom\" data-placement-offset-touch=\"0\" data-transparent=\"\" data-shadow=\"0\" data-touch=\"1\" data-non-touch=\"1\" data-comments=\"0\" data-commentsbg=\"transparent\" data-location=\"page\" data-mutedfg=\"#006d91\" data-endfg=\"#006d91\" data-rtl=\"\">\n<p class=\"has-small-font-size\">Foto \u2013 Vinicius Loures<\/p>\n<h3 class=\"wp-block-heading\">Procuradoria reconheceu que defesa cumpriu \u00e0s exig\u00eancias judicias, que incluem pagamento de multas e exame criminol\u00f3gico<\/h3>\n<p>O vice-procurador-geral da Rep\u00fablica (PGR), Hindemburgo Filho, se manifestou pela progress\u00e3o de regime do ex-deputado Daniel Silveira.<\/p>\n<p>A pe\u00e7a, publicada nesta quarta-feira, 2, veio depois de\u00a0<strong>o ministro Alexandre de Moraes, do Supremo Tribunal Federal (STF), determinar \u00e0 PGR que se pronunciasse sobre o mais recente pedido dos advogados Paulo Faria, Sebasti\u00e3o Coelho, Paola Silva e Michael Robert.<\/strong><\/p>\n<p>No of\u00edcio, Filho reconhece que a defesa cumpriu as ordens do ministro. Dessa forma, n\u00e3o h\u00e1 mais motivos para a a\u00e7\u00e3o n\u00e3o ser apreciada.<\/p>\n<p>\u201cCumpridas as dilig\u00eancias e confirmado o atendimento aos requisitos de car\u00e1ter subjetivo, imp\u00f5e-se a concess\u00e3o do benef\u00edcio, nos termos do art. 112 da Lei de Execu\u00e7\u00e3o Penal\u201d, escreveu o vice-PGR, no documento obtido pela coluna.<\/p>\n<h3 class=\"wp-block-heading\">Exig\u00eancias cumpridas por Daniel Silveira<\/h3>\n<p>H\u00e1 meses, os advogados tentam a progress\u00e3o do regime para o ex-deputado. Moraes, contudo, estabeleceu uma s\u00e9rie de exig\u00eancias para apreciar o pedido.<\/p>\n<p>A primeira delas tem a ver com o pagamento de uma multa. A partir de uma vaquinha nas redes sociais, a defesa obteve o valor necess\u00e1rio, visto que Silveira n\u00e3o tem dinheiro.\u00a0<strong>Ap\u00f3s o dep\u00f3sito, a PGR informou que a quantia precisava de corre\u00e7\u00e3o.<\/strong>\u00a0Os advogados\u00a0<strong>quitaram o restante, somando no total aproximadamente R$ 270 mil.<\/strong><\/p>\n<p>Mesmo assim,\u00a0<strong>a PGR entendeu ser necess\u00e1ria a realiza\u00e7\u00e3o de um exame criminol\u00f3gico.<\/strong>\u00a0O governo do Rio de Janeiro realizou e emitiu um parecer em favor de Silveira.\u00a0<strong>Moraes mandou o Executivo complementar a an\u00e1lise, entregue dias depois.<\/strong><\/p>\n<p><strong><a href=\"https:\/\/revistaoeste.com\/no-ponto\/em-parecer-pgr-se-manifesta-a-favor-da-progressao-de-regime-a-silveira\/\">Source link<\/a><\/strong><\/p>\n<\/div>\n<p><br \/>\n<br \/><a href=\"https:\/\/paulofigueiredoshow.com\/pgr-se-manifesta-a-favor-da-progressao-de-regime-a-silveira\/\">Source link <\/a><\/p>","protected":false},"excerpt":{"rendered":"<p>Foto \u2013 Vinicius Loures Procuradoria reconheceu que defesa cumpriu \u00e0s exig\u00eancias judicias, que incluem pagamento de multas e exame criminol\u00f3gico O vice-procurador-geral da Rep\u00fablica (PGR), Hindemburgo Filho, se manifestou pela&hellip;<\/p>","protected":false},"author":1,"featured_media":8302,"comment_status":"closed","ping_status":"open","sticky":false,"template":"","format":"standard","meta":{"content-type":"","footnotes":""},"categories":[16],"tags":[920,8424,1839,699,4747,1042,871],"class_list":["post-44251","post","type-post","status-publish","format-standard","has-post-thumbnail","hentry","category-noticias","tag-daniel","tag-favoravel","tag-pena","tag-pgr","tag-regime","tag-silveira","tag-stf"],"_links":{"self":[{"href":"https:\/\/tvbrazilusa.com\/pt\/wp-json\/wp\/v2\/posts\/44251","targetHints":{"allow":["GET"]}}],"collection":[{"href":"https:\/\/tvbrazilusa.com\/pt\/wp-json\/wp\/v2\/posts"}],"about":[{"href":"https:\/\/tvbrazilusa.com\/pt\/wp-json\/wp\/v2\/types\/post"}],"author":[{"embeddable":true,"href":"https:\/\/tvbrazilusa.com\/pt\/wp-json\/wp\/v2\/users\/1"}],"replies":[{"embeddable":true,"href":"https:\/\/tvbrazilusa.com\/pt\/wp-json\/wp\/v2\/comments?post=44251"}],"version-history":[{"count":1,"href":"https:\/\/tvbrazilusa.com\/pt\/wp-json\/wp\/v2\/posts\/44251\/revisions"}],"predecessor-version":[{"id":44252,"href":"https:\/\/tvbrazilusa.com\/pt\/wp-json\/wp\/v2\/posts\/44251\/revisions\/44252"}],"wp:featuredmedia":[{"embeddable":true,"href":"https:\/\/tvbrazilusa.com\/pt\/wp-json\/wp\/v2\/media\/8302"}],"wp:attachment":[{"href":"https:\/\/tvbrazilusa.com\/pt\/wp-json\/wp\/v2\/media?parent=44251"}],"wp:term":[{"taxonomy":"category","embeddable":true,"href":"https:\/\/tvbrazilusa.com\/pt\/wp-json\/wp\/v2\/categories?post=44251"},{"taxonomy":"post_tag","embeddable":true,"href":"https:\/\/tvbrazilusa.com\/pt\/wp-json\/wp\/v2\/tags?post=44251"}],"curies":[{"name":"wp","href":"https:\/\/api.w.org\/{rel}","templated":true}]}}