{"id":44259,"date":"2024-10-02T22:32:01","date_gmt":"2024-10-02T22:32:01","guid":{"rendered":"https:\/\/tvbrazilusa.com\/2024\/10\/02\/uma-nova-data-foi-definida-para-o-depoimento-de-zambelli-no-stf\/"},"modified":"2024-10-02T22:32:02","modified_gmt":"2024-10-02T22:32:02","slug":"uma-nova-data-foi-definida-para-o-depoimento-de-zambelli-no-stf","status":"publish","type":"post","link":"https:\/\/tvbrazilusa.com\/pt\/2024\/10\/02\/uma-nova-data-foi-definida-para-o-depoimento-de-zambelli-no-stf\/","title":{"rendered":"Uma nova data foi definida para o depoimento de Zambelli no STF"},"content":{"rendered":"<p> <script async src=\"https:\/\/pagead2.googlesyndication.com\/pagead\/js\/adsbygoogle.js?client=ca-pub-8864793242727901\"\r\n     crossorigin=\"anonymous\"><\/script><br \/>\n<\/p>\n<div id=\"taboola-read-more\" style=\"display:block; width:100%\">\n<p>A deputada federal Carla Zambelli (PL-SP) prestar\u00e1 depoimento no Supremo Tribunal Federal (STF), na pr\u00f3xima segunda-feira 7.\n<\/p>\n<p>Carla vai falar em uma oitiva sobre a invas\u00e3o ao Conselho Nacional de Justi\u00e7a (CNJ).<\/p>\n<p>Conforme den\u00fancia da Procuradoria-Geral da Rep\u00fablica, a parlamentar pediu ao hacker Walter Delgatti que inserisse no sistema do CNJ um mandado de pris\u00e3o para o ministro Alexandre de Moraes.\n<\/p>\n<p>Na semana passada, Carla deveria ter comparecido ao STF. Em virtude de problemas de sa\u00fade, contudo, a congressista n\u00e3o foi \u00e0 Corte. Por isso, a Justi\u00e7a ouviu apenas auxiliares da deputada e servidores do CNJ.\n<\/p>\n<p>Publicado h\u00e1 poucos dias, o mais recente boletim m\u00e9dico de Carla informou que a parlamentar j\u00e1 se recuperou.\n<\/p>\n<p>O depoimento de Delgatti deve ser realizado nos pr\u00f3ximos dias.\n<\/p>\n<p>A parlamentar, por\u00e9m, sustenta que n\u00e3o \u00e9 a autora intelectual da invas\u00e3o realizada pelo criminoso.\n<\/p>\n<p>\u201cReafirmando que tem a absoluta confian\u00e7a de que a deputada n\u00e3o cometeu qualquer il\u00edcito penal e tem certeza de que isso vai ficar comprovado durante o tr\u00e2mite do processo\u201d, afirmam os advogados de Carla, Daniel Bialski, Bruno Borragine, Andr\u00e9 Bialski e Daniela Woisky.\n<\/p>\n<p><strong>Revista Oeste\u00a0<\/strong> <\/p>\n<\/div>\n<p><br \/>\n<br \/><a href=\"https:\/\/diariodobrasilnoticias.com.br\/noticia\/uma-nova-data-foi-definida-para-o-depoimento-de-zambelli-no-stf-66fda0fe3c0d2\">Source link <\/a><\/p>","protected":false},"excerpt":{"rendered":"<p>A deputada federal Carla Zambelli (PL-SP) prestar\u00e1 depoimento no Supremo Tribunal Federal (STF), na pr\u00f3xima segunda-feira 7. Carla vai falar em uma oitiva sobre a invas\u00e3o ao Conselho Nacional de&hellip;<\/p>","protected":false},"author":1,"featured_media":44260,"comment_status":"closed","ping_status":"open","sticky":false,"template":"","format":"standard","meta":{"content-type":"","footnotes":""},"categories":[16],"tags":[123,2448,5313,1267],"class_list":["post-44259","post","type-post","status-publish","format-standard","has-post-thumbnail","hentry","category-noticias","tag-brasil","tag-diario","tag-noticia","tag-noticias"],"_links":{"self":[{"href":"https:\/\/tvbrazilusa.com\/pt\/wp-json\/wp\/v2\/posts\/44259","targetHints":{"allow":["GET"]}}],"collection":[{"href":"https:\/\/tvbrazilusa.com\/pt\/wp-json\/wp\/v2\/posts"}],"about":[{"href":"https:\/\/tvbrazilusa.com\/pt\/wp-json\/wp\/v2\/types\/post"}],"author":[{"embeddable":true,"href":"https:\/\/tvbrazilusa.com\/pt\/wp-json\/wp\/v2\/users\/1"}],"replies":[{"embeddable":true,"href":"https:\/\/tvbrazilusa.com\/pt\/wp-json\/wp\/v2\/comments?post=44259"}],"version-history":[{"count":1,"href":"https:\/\/tvbrazilusa.com\/pt\/wp-json\/wp\/v2\/posts\/44259\/revisions"}],"predecessor-version":[{"id":44261,"href":"https:\/\/tvbrazilusa.com\/pt\/wp-json\/wp\/v2\/posts\/44259\/revisions\/44261"}],"wp:featuredmedia":[{"embeddable":true,"href":"https:\/\/tvbrazilusa.com\/pt\/wp-json\/wp\/v2\/media\/44260"}],"wp:attachment":[{"href":"https:\/\/tvbrazilusa.com\/pt\/wp-json\/wp\/v2\/media?parent=44259"}],"wp:term":[{"taxonomy":"category","embeddable":true,"href":"https:\/\/tvbrazilusa.com\/pt\/wp-json\/wp\/v2\/categories?post=44259"},{"taxonomy":"post_tag","embeddable":true,"href":"https:\/\/tvbrazilusa.com\/pt\/wp-json\/wp\/v2\/tags?post=44259"}],"curies":[{"name":"wp","href":"https:\/\/api.w.org\/{rel}","templated":true}]}}