{"id":44318,"date":"2024-10-02T22:52:15","date_gmt":"2024-10-02T22:52:15","guid":{"rendered":"https:\/\/tvbrazilusa.com\/2024\/10\/02\/empresa-dos-irmaos-batista-rejeita-termos-da-aneel-para-compra-da-amazonas-energia-paulo-figueiredo\/"},"modified":"2024-10-03T03:09:06","modified_gmt":"2024-10-03T03:09:06","slug":"empresa-dos-irmaos-batista-rejeita-termos-da-aneel-para-compra-da-amazonas-energia-paulo-figueiredo","status":"publish","type":"post","link":"https:\/\/tvbrazilusa.com\/pt\/2024\/10\/02\/empresa-dos-irmaos-batista-rejeita-termos-da-aneel-para-compra-da-amazonas-energia-paulo-figueiredo\/","title":{"rendered":"Empresa dos irm\u00e3os Batista rejeita termos da Aneel para compra da Amazonas Energia &#8211; Paulo Figueiredo"},"content":{"rendered":"<p> <script async src=\"https:\/\/pagead2.googlesyndication.com\/pagead\/js\/adsbygoogle.js?client=ca-pub-8864793242727901\"\r\n     crossorigin=\"anonymous\"><\/script><br \/>\n<\/p>\n<div id=\"wtr-content\" data-bg=\"#FFFFFF\" data-fg=\"#006d91\" data-width=\"25\" data-mute=\"1\" data-fgopacity=\"1.00\" data-mutedopacity=\"0.5\" data-placement=\"bottom\" data-placement-offset=\"0\" data-content-offset=\"262\" data-placement-touch=\"bottom\" data-placement-offset-touch=\"0\" data-transparent=\"\" data-shadow=\"0\" data-touch=\"1\" data-non-touch=\"1\" data-comments=\"0\" data-commentsbg=\"transparent\" data-location=\"page\" data-mutedfg=\"#006d91\" data-endfg=\"#006d91\" data-rtl=\"\">\n<h3 class=\"wp-block-heading\">A ag\u00eancia aprovou a aquisi\u00e7\u00e3o na ter\u00e7a-feira 1\u00ba, mas com condi\u00e7\u00f5es diferentes das propostas pela \u00c2mbar<\/h3>\n<p>A \u00c2mbar, uma das empresas do grupo J&#038;F dos irm\u00e3os Joesley e Wesley Batista, declarou nesta quarta-feira, 2, que n\u00e3o aceitou os termos impostos pela\u00a0<strong>Ag\u00eancia Nacional de Energia El\u00e9trica (Aneel)<\/strong>\u00a0para a aquisi\u00e7\u00e3o da distribuidora Amazonas Energia.<\/p>\n<p>A ag\u00eancia havia aprovado a compra na ter\u00e7a-feira, 1\u00ba, mas com condi\u00e7\u00f5es diferentes das propostas pela \u00c2mbar. Em nota, a \u00c2mbar afirmou que a decis\u00e3o \u201cinviabiliza a recupera\u00e7\u00e3o de uma empresa que perdeu R$ 40 bilh\u00f5es nos \u00faltimos 25 anos\u201d.<\/p>\n<p>Como alternativa \u00e0 interven\u00e7\u00e3o ou \u00e0 caducidade da concess\u00e3o, que provocariam graves riscos ao abastecimento de energia e altos custos aos cofres p\u00fablicos, a \u00c2mbar pedir\u00e1 a reconsidera\u00e7\u00e3o\u201d.<\/p>\n<p>A principal diverg\u00eancia entre os planos era o impacto financeiro nas contas de luz. O plano da \u00c2mbar previa um impacto de quase R$ 16 bilh\u00f5es, posteriormente reduzido para R$ 14 bilh\u00f5es, enquanto a proposta da Aneel estimava um impacto de cerca de R$ 8 bilh\u00f5es em um per\u00edodo de 15 anos.<\/p>\n<p>As vota\u00e7\u00f5es sobre os planos da \u00e1rea t\u00e9cnica da Aneel e da \u00c2mbar ocorreram separadamente. A segunda pauta, entretanto, permanece sem resolu\u00e7\u00e3o e deve continuar a ser discutida em reuni\u00f5es futuras.<\/p>\n<p>Paralelamente, a Justi\u00e7a Federal determinou que a compra fosse efetivada com base no plano da \u00c2mbar, mas houve recurso, mantendo a situa\u00e7\u00e3o indefinida.<\/p>\n<p>A Amazonas Energia det\u00e9m a concess\u00e3o para operar no Norte do pa\u00eds, mas enfrenta problemas operacionais e financeiros h\u00e1 anos, acumulando uma d\u00edvida superior a R$ 10 bilh\u00f5es.<\/p>\n<p>A \u00c2mbar apresentou o plano de compra depois de o Minist\u00e9rio de Minas e Energia editar uma medida provis\u00f3ria que flexibiliza o contrato da distribuidora, isentando-a de diversos encargos para tentar recuperar sua viabilidade econ\u00f4mica e permitindo a transfer\u00eancia de controle societ\u00e1rio.<\/p>\n<h3 class=\"wp-block-heading\">T\u00e9cnicos da Aneel recomendaram rejei\u00e7\u00e3o do plano da \u00c2mbar<\/h3>\n<p>A \u00e1rea t\u00e9cnica da Aneel recomendou a rejei\u00e7\u00e3o do plano, alegando que ele teria quase o dobro do impacto nas contas de luz dos consumidores, estimando um custo de R$ 8 bilh\u00f5es, coberto pela Conta Consumo de Combust\u00edveis (CCC), que comp\u00f5e a tarifa de energia.<\/p>\n<p>Se o plano da \u00c2mbar fosse aprovado, o impacto seria de R$ 15,8 bilh\u00f5es. A diferen\u00e7a de quase R$ 8 bilh\u00f5es entre as proje\u00e7\u00f5es da Aneel e o plano da \u00c2mbar decorre de diverg\u00eancias na mensura\u00e7\u00e3o dos custos operacionais, custos incorridos e velocidade de redu\u00e7\u00e3o de custos. A \u00c2mbar ajustou seu plano, reduzindo o impacto para R$ 14 bilh\u00f5es.<\/p>\n<p>A empresa dos irm\u00e3os Batista atua na gera\u00e7\u00e3o de energia, mas n\u00e3o na distribui\u00e7\u00e3o, o que mudaria com a aquisi\u00e7\u00e3o da Amazonas Energia. A \u00e1rea t\u00e9cnica da Aneel afirmou que a \u00c2mbar \u201cn\u00e3o demonstrou capacidade t\u00e9cnica no segmento de distribui\u00e7\u00e3o\u201d.<\/p>\n<p>Apesar disso, a Aneel reconheceu que, para a aprova\u00e7\u00e3o da compra, \u00e9 necess\u00e1rio apenas comprovar a adequa\u00e7\u00e3o \u00e0 nova atua\u00e7\u00e3o: \u201c[A \u00c2mbar] apresentou experi\u00eancia no segmento de gera\u00e7\u00e3o para fins de demonstra\u00e7\u00e3o da capacidade t\u00e9cnica para adequar o servi\u00e7o de distribui\u00e7\u00e3o\u201d.<\/p>\n<p>Em 23, a Justi\u00e7a Federal obrigou a Aneel a aprovar a compra com o plano da \u00c2mbar, mas a ag\u00eancia recorreu, mantendo o caso em aberto.<\/p>\n<p>A medida provis\u00f3ria do governo Lula (PT), assinada em 12 de junho, tamb\u00e9m permitiu repassar aos consumidores o custo da energia gerada pelas termel\u00e9tricas locais, compradas pela \u00c2mbar por R$ 4,7 bilh\u00f5es no in\u00edcio de junho, dias antes da medida.<\/p>\n<p><strong>Source link<\/strong><\/p>\n<\/div>\n<p><br \/>\n<br \/><a href=\"https:\/\/paulofigueiredoshow.com\/empresa-dos-irmaos-batista-rejeita-termos-da-aneel-para-compra-da-amazonas-energia\/\">Source link <\/a><\/p>","protected":false},"excerpt":{"rendered":"<p>A ag\u00eancia aprovou a aquisi\u00e7\u00e3o na ter\u00e7a-feira 1\u00ba, mas com condi\u00e7\u00f5es diferentes das propostas pela \u00c2mbar A \u00c2mbar, uma das empresas do grupo J&#038;F dos irm\u00e3os Joesley e Wesley Batista,&hellip;<\/p>","protected":false},"author":1,"featured_media":5235,"comment_status":"closed","ping_status":"open","sticky":false,"template":"","format":"standard","meta":{"content-type":"","footnotes":""},"categories":[16],"tags":[4447,2325,382,2329,1378],"class_list":["post-44318","post","type-post","status-publish","format-standard","has-post-thumbnail","hentry","category-noticias","tag-amazonia","tag-ambar","tag-batista","tag-grupo-jf","tag-pt"],"_links":{"self":[{"href":"https:\/\/tvbrazilusa.com\/pt\/wp-json\/wp\/v2\/posts\/44318","targetHints":{"allow":["GET"]}}],"collection":[{"href":"https:\/\/tvbrazilusa.com\/pt\/wp-json\/wp\/v2\/posts"}],"about":[{"href":"https:\/\/tvbrazilusa.com\/pt\/wp-json\/wp\/v2\/types\/post"}],"author":[{"embeddable":true,"href":"https:\/\/tvbrazilusa.com\/pt\/wp-json\/wp\/v2\/users\/1"}],"replies":[{"embeddable":true,"href":"https:\/\/tvbrazilusa.com\/pt\/wp-json\/wp\/v2\/comments?post=44318"}],"version-history":[{"count":1,"href":"https:\/\/tvbrazilusa.com\/pt\/wp-json\/wp\/v2\/posts\/44318\/revisions"}],"predecessor-version":[{"id":44319,"href":"https:\/\/tvbrazilusa.com\/pt\/wp-json\/wp\/v2\/posts\/44318\/revisions\/44319"}],"wp:featuredmedia":[{"embeddable":true,"href":"https:\/\/tvbrazilusa.com\/pt\/wp-json\/wp\/v2\/media\/5235"}],"wp:attachment":[{"href":"https:\/\/tvbrazilusa.com\/pt\/wp-json\/wp\/v2\/media?parent=44318"}],"wp:term":[{"taxonomy":"category","embeddable":true,"href":"https:\/\/tvbrazilusa.com\/pt\/wp-json\/wp\/v2\/categories?post=44318"},{"taxonomy":"post_tag","embeddable":true,"href":"https:\/\/tvbrazilusa.com\/pt\/wp-json\/wp\/v2\/tags?post=44318"}],"curies":[{"name":"wp","href":"https:\/\/api.w.org\/{rel}","templated":true}]}}