{"id":44334,"date":"2024-10-03T04:34:36","date_gmt":"2024-10-03T04:34:36","guid":{"rendered":"https:\/\/tvbrazilusa.com\/2024\/10\/03\/importunacao-de-silvio-almeida-comecou-em-2022-afirma-anielle-a-pf\/"},"modified":"2024-10-03T04:34:38","modified_gmt":"2024-10-03T04:34:38","slug":"importunacao-de-silvio-almeida-comecou-em-2022-afirma-anielle-a-pf","status":"publish","type":"post","link":"https:\/\/tvbrazilusa.com\/pt\/2024\/10\/03\/importunacao-de-silvio-almeida-comecou-em-2022-afirma-anielle-a-pf\/","title":{"rendered":"Importuna\u00e7\u00e3o de Silvio Almeida come\u00e7ou em 2022, afirma Anielle \u00e0 PF"},"content":{"rendered":"<p> <script async src=\"https:\/\/pagead2.googlesyndication.com\/pagead\/js\/adsbygoogle.js?client=ca-pub-8864793242727901\"\r\n     crossorigin=\"anonymous\"><\/script><br \/>\n<\/p>\n<div id=\"content_post\">\n<p>A ministra da Igualdade Racial,\u00a0<strong>Anielle Franco<\/strong>, afirmou \u00e0 Pol\u00edcia Federal que as a\u00e7\u00f5es inapropriadas de\u00a0<strong>Silvio Almeida<\/strong>, ex-ministro dos Direitos Humanos, come\u00e7aram em 2022, durante o per\u00edodo de transi\u00e7\u00e3o do governo, publicou o\u00a0<em><a href=\"https:\/\/g1.globo.com\/politica\/blog\/andreia-sadi\/post\/2024\/10\/02\/anielle-disse-a-pf-que-acoes-de-silvio-almeida-comecaram-na-transicao-de-governo.ghtml\" target=\"_blank\" rel=\"noopener noreferrer\">G1<\/a><\/em>.\n<\/p>\n<p>\u00a0<\/p>\n<p>Ela foi ouvida nesta quarta-feira, 2, no inqu\u00e9rito que apura supostos atos de ass\u00e9dio moral e sexual do ex-ministro.<\/p>\n<p>Segundo Anielle, os atos foram escalando at\u00e9 chegar \u00e0 importuna\u00e7\u00e3o sexual. No depoimento, a ministra afirmou ter sido importunada tamb\u00e9m durante viagens internacionais.\n<\/p>\n<p>Silvio Almeida nega as acusa\u00e7\u00f5es.\n<\/p>\n<p><strong>O Antagonista\u00a0<\/strong>\n<\/p>\n<\/div>\n<p><br \/>\n<br \/><a href=\"https:\/\/diariodobrasilnoticias.com.br\/noticia\/importunacao-de-silvio-almeida-comecou-em-2022-afirma-anielle-a-pf-66fdd4b54a360\">Source link <\/a><\/p>","protected":false},"excerpt":{"rendered":"<p>A ministra da Igualdade Racial,\u00a0Anielle Franco, afirmou \u00e0 Pol\u00edcia Federal que as a\u00e7\u00f5es inapropriadas de\u00a0Silvio Almeida, ex-ministro dos Direitos Humanos, come\u00e7aram em 2022, durante o per\u00edodo de transi\u00e7\u00e3o do governo,&hellip;<\/p>","protected":false},"author":1,"featured_media":44335,"comment_status":"closed","ping_status":"open","sticky":false,"template":"","format":"standard","meta":{"content-type":"","footnotes":""},"categories":[16],"tags":[123,2448,5313,1267],"class_list":["post-44334","post","type-post","status-publish","format-standard","has-post-thumbnail","hentry","category-noticias","tag-brasil","tag-diario","tag-noticia","tag-noticias"],"_links":{"self":[{"href":"https:\/\/tvbrazilusa.com\/pt\/wp-json\/wp\/v2\/posts\/44334","targetHints":{"allow":["GET"]}}],"collection":[{"href":"https:\/\/tvbrazilusa.com\/pt\/wp-json\/wp\/v2\/posts"}],"about":[{"href":"https:\/\/tvbrazilusa.com\/pt\/wp-json\/wp\/v2\/types\/post"}],"author":[{"embeddable":true,"href":"https:\/\/tvbrazilusa.com\/pt\/wp-json\/wp\/v2\/users\/1"}],"replies":[{"embeddable":true,"href":"https:\/\/tvbrazilusa.com\/pt\/wp-json\/wp\/v2\/comments?post=44334"}],"version-history":[{"count":1,"href":"https:\/\/tvbrazilusa.com\/pt\/wp-json\/wp\/v2\/posts\/44334\/revisions"}],"predecessor-version":[{"id":44336,"href":"https:\/\/tvbrazilusa.com\/pt\/wp-json\/wp\/v2\/posts\/44334\/revisions\/44336"}],"wp:featuredmedia":[{"embeddable":true,"href":"https:\/\/tvbrazilusa.com\/pt\/wp-json\/wp\/v2\/media\/44335"}],"wp:attachment":[{"href":"https:\/\/tvbrazilusa.com\/pt\/wp-json\/wp\/v2\/media?parent=44334"}],"wp:term":[{"taxonomy":"category","embeddable":true,"href":"https:\/\/tvbrazilusa.com\/pt\/wp-json\/wp\/v2\/categories?post=44334"},{"taxonomy":"post_tag","embeddable":true,"href":"https:\/\/tvbrazilusa.com\/pt\/wp-json\/wp\/v2\/tags?post=44334"}],"curies":[{"name":"wp","href":"https:\/\/api.w.org\/{rel}","templated":true}]}}