{"id":44337,"date":"2024-10-03T05:04:30","date_gmt":"2024-10-03T05:04:30","guid":{"rendered":"https:\/\/tvbrazilusa.com\/2024\/10\/03\/fosso-encontrado-em-israel-confirma-obra-do-rei-salomao-mencionada-na-biblia\/"},"modified":"2024-10-03T05:04:33","modified_gmt":"2024-10-03T05:04:33","slug":"fosso-encontrado-em-israel-confirma-obra-do-rei-salomao-mencionada-na-biblia","status":"publish","type":"post","link":"https:\/\/tvbrazilusa.com\/pt\/2024\/10\/03\/fosso-encontrado-em-israel-confirma-obra-do-rei-salomao-mencionada-na-biblia\/","title":{"rendered":"Fosso encontrado em Israel confirma obra do rei Salom\u00e3o mencionada na B\u00edblia"},"content":{"rendered":"<p> <script async src=\"https:\/\/pagead2.googlesyndication.com\/pagead\/js\/adsbygoogle.js?client=ca-pub-8864793242727901\"\r\n     crossorigin=\"anonymous\"><\/script><br \/>\n<\/p>\n<div id=\"taboola-read-more\" style=\"display:block; width:100%\">\n<p>Arque\u00f3logos descobriram em Jerusal\u00e9m uma ampla estrutura rochosa que confirma narrativas de dois livros da B\u00edblia, anunciou no fim de julho a IAA (Autoridade de Antiguidades de Israel, na sigla original em hebraico e ingl\u00eas) em parceria com a Universidade de Tel Aviv.\n<\/p>\n<p>Trata-se de um fosso de defesa dos monarcas constru\u00eddo h\u00e1 mais de tr\u00eas mil anos na Cidade de Davi \u2014 um s\u00edtio arqueol\u00f3gico que corresponde \u00e0 \u00e1rea fortificada da Jerusal\u00e9m antiga, das Idades do Bronze e do Ferro, uma das mais antigas zonas urbanas do mundo e uma das atra\u00e7\u00f5es tur\u00edsticas da cidade.<\/p>\n<p><figure class=\"embed-wrapper solar-photo-content row-type embed embed-horizontal\" data-v-15044903=\"data-v-15044903\" data-v-90ea4179=\"data-v-90ea4179\" data-v-232111b4=\"data-v-232111b4\"><figcaption class=\"solar-caption regular-subtext\" data-v-524617ed=\"data-v-524617ed\" data-v-15044903=\"data-v-15044903\"><span data-v-524617ed=\"data-v-524617ed\">Imagem: Divulga\u00e7\u00e3o\/Parque Nacional da Cidade de Davi<\/span><\/figcaption><\/figure>\n<\/p>\n<div data-metric-slot=\"text-3\" data-nosnippet=\"\" data-v-232111b4=\"data-v-232111b4\">\n<div class=\"my-250\" data-cp-id=\"123123123asfads\" data-v-f5b194b1=\"data-v-f5b194b1\" data-v-232111b4=\"data-v-232111b4\">\n<p>\u00a0<\/p>\n<div data-v-f5b194b1=\"data-v-f5b194b1\">\n<p class=\"bullet mt-0\" data-v-232111b4=\"data-v-232111b4\">Pesquisadores investigaram a descri\u00e7\u00e3o b\u00edblica de que a cidade era dividida em duas partes por mais de 150 anos, mas at\u00e9 ent\u00e3o n\u00e3o haviam conseguido comprovar que o relato era historicamente verdadeiro.\n<\/p>\n<p>\u00a0<\/p>\n<p class=\"bullet\" data-v-232111b4=\"data-v-232111b4\">&#8220;Durante aqueles anos, o fosso separava a parte residencial ao sul da cidade da Acr\u00f3pole administrativa ao Norte. A po\u00e7\u00e3o superior da cidade era onde o pal\u00e1cio [do rei] e o templo estavam localizados&#8221;, relatou Yiftah Shalev, o diretor da escava\u00e7\u00e3o, em comunicado \u00e0 imprensa que ainda classificou o achado como &#8220;dram\u00e1tico&#8221;.\n<\/p>\n<p class=\"bullet\" data-v-232111b4=\"data-v-232111b4\">\u00a0\n<\/p>\n<p class=\"bullet\" data-v-232111b4=\"data-v-232111b4\">O fosso possui pared\u00f5es de at\u00e9 nove metros de altura, 30 metros de largura e, ao menos, 70 metros de comprimento j\u00e1 localizados com penhascos perpendiculares em cada lateral \u2014 o que o torna praticamente imposs\u00edvel de atravessar. A estrutura lembra uma trincheira de prote\u00e7\u00e3o para Jerusal\u00e9m, uma cidade constru\u00edda sobre um cume estreito e \u00edngreme com vista para montes e vales que dividiam o territ\u00f3rio.\n<\/p>\n<p class=\"bullet\" data-v-232111b4=\"data-v-232111b4\">\u00a0\n<\/p>\n<p class=\"bullet\" data-v-232111b4=\"data-v-232111b4\">A cria\u00e7\u00e3o do fosso era uma empreitada de escala &#8220;monumental&#8221;, considerou a IAA, que teria o objetivo de modificar a topografia natural de Jerusal\u00e9m para demonstrar o poder de seus governantes a qualquer um que se aproximasse de seus port\u00f5es. Os pesquisadores acreditam que esta constru\u00e7\u00e3o exigiu significativas habilidades de engenharia e recursos que enfatizam a for\u00e7a e as capacidades dos reis da \u00e9poca.\n<\/p>\n<p class=\"bullet\" data-v-232111b4=\"data-v-232111b4\">\u00a0\n<\/p>\n<\/div>\n<\/div>\n<\/div>\n<p class=\"bullet mt-0\" data-v-232111b4=\"data-v-232111b4\">De acordo com as an\u00e1lises dos estudiosos da IAA, a obra foi datada como pertencente \u00e0 Idade do Bronze, o que \u00e9 consistente com a descri\u00e7\u00e3o dos Livros de Reis e do Livro de Samuel da B\u00edblia crist\u00e3 e hebraica. Ambos os textos se referem \u00e0 cada uma das partes da Cidade de Davi como Ofel e Milo (ou Melo, dependendo da tradu\u00e7\u00e3o) e atribuem a obra ao rei Salom\u00e3o.\n<\/p>\n<p class=\"bullet mt-0\" data-v-232111b4=\"data-v-232111b4\">\u00a0\n<\/p>\n<p class=\"bullet\" data-v-232111b4=\"data-v-232111b4\"><cite>Eis em que circunst\u00e2ncias ele se revoltou contra o rei: Salom\u00e3o constru\u00eda Milo para fechar a brecha da cidade de Davi, seu pai.<\/cite>\n<\/p>\n<p class=\"bullet\" data-v-232111b4=\"data-v-232111b4\"><strong>\u2014 1\u00ba Livro de Reis 11:27<\/strong>\n<\/p>\n<p class=\"bullet\" data-v-232111b4=\"data-v-232111b4\">&#8220;Esta \u00e9 uma descoberta dram\u00e1tica que abre uma discuss\u00e3o renovada sobre os termos da literatura b\u00edblica que se refere \u00e0 topografia de Jerusal\u00e9m, como Ofel e Milo&#8221;, comentaram os experts da IAA em nota.\n<\/p>\n<p class=\"bullet\" data-v-232111b4=\"data-v-232111b4\">\u00a0\n<\/p>\n<p>Parte da estrutura foi descoberta pela primeira vez nos anos 60 pela arque\u00f3loga brit\u00e2nica Kathleen Kenyon que notou que havia um fosso um pouco a leste de onde hoje est\u00e1 o s\u00edtio arqueol\u00f3gico no estacionamento de Givati. No entanto, a estudiosa acreditava que a forma\u00e7\u00e3o fosse apenas um vale natural e n\u00e3o a constru\u00e7\u00e3o intencional revelada pelas escava\u00e7\u00f5es de 2024.\n<\/p>\n<p class=\"bullet mt-0\" data-v-232111b4=\"data-v-232111b4\">&#8220;N\u00e3o se sabe quando o fosso foi originalmente cavado, mas os achados sugerem que j\u00e1 era utilizado por s\u00e9culos quando Jerusal\u00e9m era a capital do Reino de Jud\u00e1, h\u00e1 quase tr\u00eas mil anos, na \u00e9poca do rei Josias&#8221;, disse ainda o Dr. Shalev. No entanto, segundo ele, constru\u00e7\u00f5es de estilo similar tipicamente foram originalmente erguidas na metade da Idade do Bronze, h\u00e1 quase quatro mil anos.\n<\/p>\n<p class=\"bullet mt-0\" data-v-232111b4=\"data-v-232111b4\">\u00a0\n<\/p>\n<p class=\"bullet\" data-v-232111b4=\"data-v-232111b4\">&#8220;[Por isso], estamos confiantes de que o fosso foi utilizado na \u00e9poca do Primeiro Templo e do Reino de Jud\u00e1 [no nono s\u00e9culo antes de Cristo]&#8221;, opinou Shalev. Esta estimativa colocaria a responsabilidade pela obra nas m\u00e3os do rei Salom\u00e3o, que a B\u00edblia descreve como o monarca respons\u00e1vel pela constru\u00e7\u00e3o do espa\u00e7o religioso.\n<\/p>\n<p class=\"bullet\" data-v-232111b4=\"data-v-232111b4\">\u00a0\n<\/p>\n<p class=\"bullet\" data-v-232111b4=\"data-v-232111b4\">A idade da obra revela mais do que o seu autor, no entanto. &#8220;Se ele foi esculpido naquele per\u00edodo, ent\u00e3o seu prop\u00f3sito era proteger a cidade a partir do Norte \u2014 o \u00fanico ponto fraco da encosta da Cidade de Davi&#8221;, observa.<\/p>\n<figure class=\"embed-wrapper solar-photo-content row-type embed embed-horizontal\" data-v-15044903=\"data-v-15044903\" data-v-90ea4179=\"data-v-90ea4179\" data-v-232111b4=\"data-v-232111b4\"\/>\n<p><img decoding=\"async\" src=\"https:\/\/conteudo.imguol.com.br\/c\/entretenimento\/62\/2024\/08\/08\/os-pesquisadores-da-iaa-examinando-as-escavacoes-1723153311980_v2_750x1.jpg.webp\" alt=\"\" width=\"100%\"\/><\/p>\n<figure class=\"embed-wrapper solar-photo-content row-type embed embed-horizontal\" data-v-15044903=\"data-v-15044903\" data-v-90ea4179=\"data-v-90ea4179\" data-v-232111b4=\"data-v-232111b4\"><figcaption class=\"solar-caption regular-subtext\" data-v-524617ed=\"data-v-524617ed\" data-v-15044903=\"data-v-15044903\"><span data-v-524617ed=\"data-v-524617ed\">Imagem: Divulga\u00e7\u00e3o\/Parque Nacional da Cidade de Davi<\/span><\/figcaption><figcaption class=\"solar-caption regular-subtext\" data-v-524617ed=\"data-v-524617ed\" data-v-15044903=\"data-v-15044903\"\/>\n<\/figure>\n<\/p>\n<p>&#8220;Mais uma vez, descobertas est\u00e3o revelando e lan\u00e7ando nova e v\u00edvida luz sobre a literatura b\u00edblica. Quando voc\u00ea est\u00e1 com os p\u00e9s no fundo desta gigante escava\u00e7\u00e3o, rodeado por enormes pared\u00f5es talhados, \u00e9 imposs\u00edvel n\u00e3o se encher de admira\u00e7\u00e3o e aprecia\u00e7\u00e3o para estas pessoas da Antiguidade que, h\u00e1 cerca de 3.800 anos, literalmente moveram montanhas&#8221;, comemorou Eli Escusido, diretor da IAA.\n<\/p>\n<p><strong>UOL<\/strong> <\/p>\n<\/div>\n<p><br \/>\n<br \/><a href=\"https:\/\/diariodobrasilnoticias.com.br\/noticia\/fosso-encontrado-em-israel-confirma-obra-do-rei-salomao-mencionada-na-biblia-66fdd3cceda68\">Source link <\/a><\/p>","protected":false},"excerpt":{"rendered":"<p>Arque\u00f3logos descobriram em Jerusal\u00e9m uma ampla estrutura rochosa que confirma narrativas de dois livros da B\u00edblia, anunciou no fim de julho a IAA (Autoridade de Antiguidades de Israel, na sigla&hellip;<\/p>","protected":false},"author":1,"featured_media":44338,"comment_status":"closed","ping_status":"open","sticky":false,"template":"","format":"standard","meta":{"content-type":"","footnotes":""},"categories":[16],"tags":[123,2448,5313,1267],"class_list":["post-44337","post","type-post","status-publish","format-standard","has-post-thumbnail","hentry","category-noticias","tag-brasil","tag-diario","tag-noticia","tag-noticias"],"_links":{"self":[{"href":"https:\/\/tvbrazilusa.com\/pt\/wp-json\/wp\/v2\/posts\/44337","targetHints":{"allow":["GET"]}}],"collection":[{"href":"https:\/\/tvbrazilusa.com\/pt\/wp-json\/wp\/v2\/posts"}],"about":[{"href":"https:\/\/tvbrazilusa.com\/pt\/wp-json\/wp\/v2\/types\/post"}],"author":[{"embeddable":true,"href":"https:\/\/tvbrazilusa.com\/pt\/wp-json\/wp\/v2\/users\/1"}],"replies":[{"embeddable":true,"href":"https:\/\/tvbrazilusa.com\/pt\/wp-json\/wp\/v2\/comments?post=44337"}],"version-history":[{"count":1,"href":"https:\/\/tvbrazilusa.com\/pt\/wp-json\/wp\/v2\/posts\/44337\/revisions"}],"predecessor-version":[{"id":44339,"href":"https:\/\/tvbrazilusa.com\/pt\/wp-json\/wp\/v2\/posts\/44337\/revisions\/44339"}],"wp:featuredmedia":[{"embeddable":true,"href":"https:\/\/tvbrazilusa.com\/pt\/wp-json\/wp\/v2\/media\/44338"}],"wp:attachment":[{"href":"https:\/\/tvbrazilusa.com\/pt\/wp-json\/wp\/v2\/media?parent=44337"}],"wp:term":[{"taxonomy":"category","embeddable":true,"href":"https:\/\/tvbrazilusa.com\/pt\/wp-json\/wp\/v2\/categories?post=44337"},{"taxonomy":"post_tag","embeddable":true,"href":"https:\/\/tvbrazilusa.com\/pt\/wp-json\/wp\/v2\/tags?post=44337"}],"curies":[{"name":"wp","href":"https:\/\/api.w.org\/{rel}","templated":true}]}}