{"id":44349,"date":"2024-10-03T05:46:23","date_gmt":"2024-10-03T05:46:23","guid":{"rendered":"https:\/\/tvbrazilusa.com\/2024\/10\/03\/video-apos-perder-o-cabelo-gretchen-troca-a-protese-capilar-confira-o-antes-e-depois\/"},"modified":"2024-10-03T05:46:24","modified_gmt":"2024-10-03T05:46:24","slug":"video-apos-perder-o-cabelo-gretchen-troca-a-protese-capilar-confira-o-antes-e-depois","status":"publish","type":"post","link":"https:\/\/tvbrazilusa.com\/pt\/2024\/10\/03\/video-apos-perder-o-cabelo-gretchen-troca-a-protese-capilar-confira-o-antes-e-depois\/","title":{"rendered":"V\u00cdDEO: Ap\u00f3s perder o cabelo, Gretchen troca a pr\u00f3tese capilar, confira o antes e depois"},"content":{"rendered":"<p> <script async src=\"https:\/\/pagead2.googlesyndication.com\/pagead\/js\/adsbygoogle.js?client=ca-pub-8864793242727901\"\r\n     crossorigin=\"anonymous\"><\/script><br \/>\n<\/p>\n<div id=\"taboola-read-more\" style=\"display:block; width:100%\">\n<p>Gretchen trocou a pr\u00f3tese capilar do topo de seu cabelo e usou as redes sociais para dividir o processo com os seguidores, nesta quarta-feira (2\/10). A cantora contou que perdeu boa parte do cabelo na frente, ap\u00f3s passar por um corte qu\u00edmico e por isso recorreu a um novo m\u00e9todo de pr\u00f3tese, que n\u00e3o precisa raspar os fios que j\u00e1 est\u00e3o nascendo para ser aplicada.\n<\/p>\n<p>\u201cEu j\u00e1 usei todos os tipos de topo que voc\u00ea poderia imaginar. Primeiro, eu tive um corte qu\u00edmico. Eu usava guanidina [alisante capilar], a\u00ed fui num sal\u00e3o de beleza tingir o cabelo. A pessoa n\u00e3o sabia e tingiu com um produto que n\u00e3o era compat\u00edvel. A\u00ed, come\u00e7ou da\u00ed: perdi todo o cabelo\u201d, explicou ela.\n<\/p>\n<p>A Rainha do Rebolado ainda ressaltou que a queda do cabelo intensificou por uma jun\u00e7\u00e3o de fatores e que pretende recuperar o crescimento dos fios: \u201cDepois teve a Covid e a minha reposi\u00e7\u00e3o hormonal. Tudo juntou. Todo mundo raspa para colocar a pr\u00f3tese e eu n\u00e3o quero, porque meu cabelo est\u00e1 voltando. Vou conseguir ter meu cabelo de volta\u201d, disse a musa.\n<\/p>\n<p>\u00a0<\/p>\n<p>No fim do procedimento, a artista comemorou o resultado: \u201cCabelo pronto. Posso passar a m\u00e3o, jogar o cabelo para o lado que eu quiser, posso dan\u00e7ar a minha Conga em paz, que n\u00e3o vai sair do lugar. Vejam s\u00f3, que demais! Olha o acabamento disso. Gostaram?\u201d, falou Gretchen, feliz da vida com o novo visual.\n<\/p>\n<p><strong>Portal Leo Dias\u00a0<\/strong> <\/p>\n<\/div>\n<p><br \/>\n<br \/><a href=\"https:\/\/diariodobrasilnoticias.com.br\/noticia\/video-apos-perder-o-cabelo-gretchen-troca-a-protese-capilar-confira-o-antes-e-depois-66fdd67494e02\">Source link <\/a><\/p>","protected":false},"excerpt":{"rendered":"<p>Gretchen trocou a pr\u00f3tese capilar do topo de seu cabelo e usou as redes sociais para dividir o processo com os seguidores, nesta quarta-feira (2\/10). A cantora contou que perdeu&hellip;<\/p>","protected":false},"author":1,"featured_media":44350,"comment_status":"closed","ping_status":"open","sticky":false,"template":"","format":"standard","meta":{"content-type":"","footnotes":""},"categories":[16],"tags":[123,2448,5313,1267],"class_list":["post-44349","post","type-post","status-publish","format-standard","has-post-thumbnail","hentry","category-noticias","tag-brasil","tag-diario","tag-noticia","tag-noticias"],"_links":{"self":[{"href":"https:\/\/tvbrazilusa.com\/pt\/wp-json\/wp\/v2\/posts\/44349","targetHints":{"allow":["GET"]}}],"collection":[{"href":"https:\/\/tvbrazilusa.com\/pt\/wp-json\/wp\/v2\/posts"}],"about":[{"href":"https:\/\/tvbrazilusa.com\/pt\/wp-json\/wp\/v2\/types\/post"}],"author":[{"embeddable":true,"href":"https:\/\/tvbrazilusa.com\/pt\/wp-json\/wp\/v2\/users\/1"}],"replies":[{"embeddable":true,"href":"https:\/\/tvbrazilusa.com\/pt\/wp-json\/wp\/v2\/comments?post=44349"}],"version-history":[{"count":1,"href":"https:\/\/tvbrazilusa.com\/pt\/wp-json\/wp\/v2\/posts\/44349\/revisions"}],"predecessor-version":[{"id":44351,"href":"https:\/\/tvbrazilusa.com\/pt\/wp-json\/wp\/v2\/posts\/44349\/revisions\/44351"}],"wp:featuredmedia":[{"embeddable":true,"href":"https:\/\/tvbrazilusa.com\/pt\/wp-json\/wp\/v2\/media\/44350"}],"wp:attachment":[{"href":"https:\/\/tvbrazilusa.com\/pt\/wp-json\/wp\/v2\/media?parent=44349"}],"wp:term":[{"taxonomy":"category","embeddable":true,"href":"https:\/\/tvbrazilusa.com\/pt\/wp-json\/wp\/v2\/categories?post=44349"},{"taxonomy":"post_tag","embeddable":true,"href":"https:\/\/tvbrazilusa.com\/pt\/wp-json\/wp\/v2\/tags?post=44349"}],"curies":[{"name":"wp","href":"https:\/\/api.w.org\/{rel}","templated":true}]}}