{"id":44352,"date":"2024-10-03T06:10:24","date_gmt":"2024-10-03T06:10:24","guid":{"rendered":"https:\/\/tvbrazilusa.com\/2024\/10\/03\/cantora-sertaneja-lauana-prado-usa-roupa-super-decotada-e-chama-atencao-de-todos-veja-video\/"},"modified":"2024-10-03T06:10:26","modified_gmt":"2024-10-03T06:10:26","slug":"cantora-sertaneja-lauana-prado-usa-roupa-super-decotada-e-chama-atencao-de-todos-veja-video","status":"publish","type":"post","link":"https:\/\/tvbrazilusa.com\/pt\/2024\/10\/03\/cantora-sertaneja-lauana-prado-usa-roupa-super-decotada-e-chama-atencao-de-todos-veja-video\/","title":{"rendered":"Cantora sertaneja Lauana Prado usa roupa super decotada e chama aten\u00e7\u00e3o de todos; veja v\u00eddeo"},"content":{"rendered":"<p> <script async src=\"https:\/\/pagead2.googlesyndication.com\/pagead\/js\/adsbygoogle.js?client=ca-pub-8864793242727901\"\r\n     crossorigin=\"anonymous\"><\/script><br \/>\n<\/p>\n<div>\n<figure class=\"post-image\">\n<\/figure>\n<p><span style=\"font-size: 12px\">REPRODU\u00c7\u00c3O<\/span><\/p>\n<div id=\"taboola-read-more\" style=\"display:block; width:100%\">\n<p>A cantora sertaneja Lauana Prado causou alvoro\u00e7o nas redes sociais e em seu recente show ao aparecer com um vestido super decotado, que destacou ainda mais sua silhueta e estilo ousado. A apresenta\u00e7\u00e3o, atraiu uma multid\u00e3o de f\u00e3s, que n\u00e3o economizaram elogios \u00e0 artista.\n<\/p>\n<p>Durante o evento, Lauana interpretou seus maiores sucessos, como \u201cCora\u00e7\u00e3o de Isca\u201d e \u201cNingu\u00e9m \u00c9 de Ningu\u00e9m\u201d, enquanto interagia animadamente com o p\u00fablico. Contudo, o que realmente chamou a aten\u00e7\u00e3o foi o seu visual, que mesclava sofistica\u00e7\u00e3o e ousadia. O vestido, com um profundo decote e detalhes brilhantes, evidenciou sua confian\u00e7a e personalidade marcante.<\/p>\n<p>Os f\u00e3s rapidamente lotaram as redes sociais com coment\u00e1rios sobre o look. \u201cEla est\u00e1 maravilhosa! Amei o vestido!\u201d, escreveu um seguidor no Instagram. Outro f\u00e3 comentou: \u201cLauana sempre arrasa, tanto na m\u00fasica quanto na moda!\u201d\n<\/p>\n<p>Al\u00e9m de seu talento musical, Lauana tem se destacado tamb\u00e9m como refer\u00eancia de estilo no cen\u00e1rio sertanejo, frequentemente usando roupas que valorizam sua figura e expressam sua autenticidade. \u201c\u00c9 importante se sentir bem e confort\u00e1vel com o que voc\u00ea veste. A m\u00fasica e a moda andam juntas para mim\u201d, declarou a artista em uma entrevista recente.\n<\/p>\n<\/div>\n<div class=\"row mt-3\">\n<div class=\"col-sm-6\">\n<p><a href=\"https:\/\/chat.whatsapp.com\/GwURnmOyPiN1XheGYvCspN\" target=\"_blank\" rel=\"noopener\"><br \/>\n<img decoding=\"async\" src=\"https:\/\/diariodobrasilnoticias.com.br\/assets-site\/images\/bot_whatsapp.png\"\/><\/a>\n<\/div>\n<div class=\"col-sm-6\">\n<a href=\"https:\/\/t.me\/+_4gTmi5LKo03OTM5\" target=\"_blank\" rel=\"noopener\"><br \/>\n<img decoding=\"async\" src=\"https:\/\/diariodobrasilnoticias.com.br\/assets-site\/images\/bot_telegram.png\"\/><\/a>\n<\/div>\n<\/div>\n<\/div>\n<p><br \/>\n<br \/><a href=\"https:\/\/diariodobrasilnoticias.com.br\/noticia\/cantora-sertaneja-lauana-prado-usa-roupa-super-decotada-e-chama-atencao-de-todos-veja-video-66fdd8a6c8ef8\">Source link <\/a><\/p>","protected":false},"excerpt":{"rendered":"<p>REPRODU\u00c7\u00c3O A cantora sertaneja Lauana Prado causou alvoro\u00e7o nas redes sociais e em seu recente show ao aparecer com um vestido super decotado, que destacou ainda mais sua silhueta e&hellip;<\/p>","protected":false},"author":1,"featured_media":44353,"comment_status":"closed","ping_status":"open","sticky":false,"template":"","format":"standard","meta":{"content-type":"","footnotes":""},"categories":[16],"tags":[123,2448,5313,1267],"class_list":["post-44352","post","type-post","status-publish","format-standard","has-post-thumbnail","hentry","category-noticias","tag-brasil","tag-diario","tag-noticia","tag-noticias"],"_links":{"self":[{"href":"https:\/\/tvbrazilusa.com\/pt\/wp-json\/wp\/v2\/posts\/44352","targetHints":{"allow":["GET"]}}],"collection":[{"href":"https:\/\/tvbrazilusa.com\/pt\/wp-json\/wp\/v2\/posts"}],"about":[{"href":"https:\/\/tvbrazilusa.com\/pt\/wp-json\/wp\/v2\/types\/post"}],"author":[{"embeddable":true,"href":"https:\/\/tvbrazilusa.com\/pt\/wp-json\/wp\/v2\/users\/1"}],"replies":[{"embeddable":true,"href":"https:\/\/tvbrazilusa.com\/pt\/wp-json\/wp\/v2\/comments?post=44352"}],"version-history":[{"count":1,"href":"https:\/\/tvbrazilusa.com\/pt\/wp-json\/wp\/v2\/posts\/44352\/revisions"}],"predecessor-version":[{"id":44354,"href":"https:\/\/tvbrazilusa.com\/pt\/wp-json\/wp\/v2\/posts\/44352\/revisions\/44354"}],"wp:featuredmedia":[{"embeddable":true,"href":"https:\/\/tvbrazilusa.com\/pt\/wp-json\/wp\/v2\/media\/44353"}],"wp:attachment":[{"href":"https:\/\/tvbrazilusa.com\/pt\/wp-json\/wp\/v2\/media?parent=44352"}],"wp:term":[{"taxonomy":"category","embeddable":true,"href":"https:\/\/tvbrazilusa.com\/pt\/wp-json\/wp\/v2\/categories?post=44352"},{"taxonomy":"post_tag","embeddable":true,"href":"https:\/\/tvbrazilusa.com\/pt\/wp-json\/wp\/v2\/tags?post=44352"}],"curies":[{"name":"wp","href":"https:\/\/api.w.org\/{rel}","templated":true}]}}