{"id":44355,"date":"2024-10-03T06:27:28","date_gmt":"2024-10-03T06:27:28","guid":{"rendered":"https:\/\/tvbrazilusa.com\/2024\/10\/03\/urgente-pgr-se-posiciona-a-favor-da-progressao-de-regime-para-silveira\/"},"modified":"2024-10-03T06:27:28","modified_gmt":"2024-10-03T06:27:28","slug":"urgente-pgr-se-posiciona-a-favor-da-progressao-de-regime-para-silveira","status":"publish","type":"post","link":"https:\/\/tvbrazilusa.com\/pt\/2024\/10\/03\/urgente-pgr-se-posiciona-a-favor-da-progressao-de-regime-para-silveira\/","title":{"rendered":"URGENTE: PGR se posiciona a favor da progress\u00e3o de regime para Silveira"},"content":{"rendered":"<p> <script async src=\"https:\/\/pagead2.googlesyndication.com\/pagead\/js\/adsbygoogle.js?client=ca-pub-8864793242727901\"\r\n     crossorigin=\"anonymous\"><\/script><br \/>\n<\/p>\n<div id=\"taboola-read-more\" style=\"display:block; width:100%\">\n<p>O vice-procurador-geral da Rep\u00fablica (PGR), Hindemburgo Filho, se manifestou pela progress\u00e3o de regime do ex-deputado Daniel Silveira.\n<\/p>\n<p>No of\u00edcio, Filho reconhece que a defesa cumpriu \u00e0s ordens do ministro. Dessa forma, n\u00e3o h\u00e1 mais motivos para a a\u00e7\u00e3o n\u00e3o ser apreciada.<\/p>\n<p>\u201cCumpridas as dilig\u00eancias e confirmado o atendimento aos requisitos de car\u00e1ter subjetivo, imp\u00f5e-se a concess\u00e3o do benef\u00edcio, nos termos do art. 112 da Lei de Execu\u00e7\u00e3o Penal\u201d, escreveu o vice-PGR, no documento obtido pela coluna.\n<\/p>\n<h2>Exig\u00eancias cumpridas por Daniel Silveira<\/h2>\n<figure><picture><source srcset=\"https:\/\/medias.revistaoeste.com\/wp-content\/uploads\/2022\/09\/fup20220828661-1024x682.jpg.webp 1024w, https:\/\/medias.revistaoeste.com\/wp-content\/uploads\/2022\/09\/fup20220828661-300x200.jpg.webp 300w, https:\/\/medias.revistaoeste.com\/wp-content\/uploads\/2022\/09\/fup20220828661-768x512.jpg.webp 768w, https:\/\/medias.revistaoeste.com\/wp-content\/uploads\/2022\/09\/fup20220828661-60x40.jpg.webp 60w, https:\/\/medias.revistaoeste.com\/wp-content\/uploads\/2022\/09\/fup20220828661-240x160.jpg.webp 240w, https:\/\/medias.revistaoeste.com\/wp-content\/uploads\/2022\/09\/fup20220828661-600x400.jpg.webp 600w, https:\/\/medias.revistaoeste.com\/wp-content\/uploads\/2022\/09\/fup20220828661.jpg.webp 1280w\" type=\"image\/webp\" data-srcset=\"https:\/\/medias.revistaoeste.com\/wp-content\/uploads\/2022\/09\/fup20220828661-1024x682.jpg.webp 1024w, https:\/\/medias.revistaoeste.com\/wp-content\/uploads\/2022\/09\/fup20220828661-300x200.jpg.webp 300w, https:\/\/medias.revistaoeste.com\/wp-content\/uploads\/2022\/09\/fup20220828661-768x512.jpg.webp 768w, https:\/\/medias.revistaoeste.com\/wp-content\/uploads\/2022\/09\/fup20220828661-60x40.jpg.webp 60w, https:\/\/medias.revistaoeste.com\/wp-content\/uploads\/2022\/09\/fup20220828661-240x160.jpg.webp 240w, https:\/\/medias.revistaoeste.com\/wp-content\/uploads\/2022\/09\/fup20220828661-600x400.jpg.webp 600w, https:\/\/medias.revistaoeste.com\/wp-content\/uploads\/2022\/09\/fup20220828661.jpg.webp 1280w\" data-sizes=\"(max-width: 1024px) 100vw, 1024px\"\/><\/picture><\/figure>\n<p>H\u00e1 meses, os advogados tentam a progress\u00e3o do regime para o ex-deputado. Moraes, contudo, estabeleceu uma s\u00e9rie de exig\u00eancias para apreciar o pedido.\n<\/p>\n<p>A primeira delas tem a ver com o pagamento de uma multa. A partir de uma vaquinha nas redes sociais, a defesa obteve o valor necess\u00e1rio, visto que Silveira n\u00e3o tem dinheiro. Ap\u00f3s o dep\u00f3sito, a PGR informou que a quantia precisava de corre\u00e7\u00e3o. Os advogados quitaram o arestante, somando no total aproximadamente R$ 270 mil.\n<\/p>\n<p><strong>Revista Oeste\u00a0<\/strong> <\/p>\n<\/div>\n<p><br \/>\n<br \/><a href=\"https:\/\/diariodobrasilnoticias.com.br\/noticia\/urgente-pgr-se-posiciona-a-favor-da-progressao-de-regime-para-silveira-66fdaee9c3906\">Source link <\/a><\/p>","protected":false},"excerpt":{"rendered":"<p>O vice-procurador-geral da Rep\u00fablica (PGR), Hindemburgo Filho, se manifestou pela progress\u00e3o de regime do ex-deputado Daniel Silveira. No of\u00edcio, Filho reconhece que a defesa cumpriu \u00e0s ordens do ministro. Dessa&hellip;<\/p>","protected":false},"author":1,"featured_media":44356,"comment_status":"closed","ping_status":"open","sticky":false,"template":"","format":"standard","meta":{"content-type":"","footnotes":""},"categories":[16],"tags":[123,2448,5313,1267],"class_list":["post-44355","post","type-post","status-publish","format-standard","has-post-thumbnail","hentry","category-noticias","tag-brasil","tag-diario","tag-noticia","tag-noticias"],"_links":{"self":[{"href":"https:\/\/tvbrazilusa.com\/pt\/wp-json\/wp\/v2\/posts\/44355","targetHints":{"allow":["GET"]}}],"collection":[{"href":"https:\/\/tvbrazilusa.com\/pt\/wp-json\/wp\/v2\/posts"}],"about":[{"href":"https:\/\/tvbrazilusa.com\/pt\/wp-json\/wp\/v2\/types\/post"}],"author":[{"embeddable":true,"href":"https:\/\/tvbrazilusa.com\/pt\/wp-json\/wp\/v2\/users\/1"}],"replies":[{"embeddable":true,"href":"https:\/\/tvbrazilusa.com\/pt\/wp-json\/wp\/v2\/comments?post=44355"}],"version-history":[{"count":1,"href":"https:\/\/tvbrazilusa.com\/pt\/wp-json\/wp\/v2\/posts\/44355\/revisions"}],"predecessor-version":[{"id":44357,"href":"https:\/\/tvbrazilusa.com\/pt\/wp-json\/wp\/v2\/posts\/44355\/revisions\/44357"}],"wp:featuredmedia":[{"embeddable":true,"href":"https:\/\/tvbrazilusa.com\/pt\/wp-json\/wp\/v2\/media\/44356"}],"wp:attachment":[{"href":"https:\/\/tvbrazilusa.com\/pt\/wp-json\/wp\/v2\/media?parent=44355"}],"wp:term":[{"taxonomy":"category","embeddable":true,"href":"https:\/\/tvbrazilusa.com\/pt\/wp-json\/wp\/v2\/categories?post=44355"},{"taxonomy":"post_tag","embeddable":true,"href":"https:\/\/tvbrazilusa.com\/pt\/wp-json\/wp\/v2\/tags?post=44355"}],"curies":[{"name":"wp","href":"https:\/\/api.w.org\/{rel}","templated":true}]}}