{"id":44363,"date":"2024-10-03T06:47:34","date_gmt":"2024-10-03T06:47:34","guid":{"rendered":"https:\/\/tvbrazilusa.com\/2024\/10\/03\/pf-nao-questionou-anielle-franco-se-ela-havia-relatado-assedio-do-ex-ministro-a-autoridades\/"},"modified":"2024-10-03T06:47:35","modified_gmt":"2024-10-03T06:47:35","slug":"pf-nao-questionou-anielle-franco-se-ela-havia-relatado-assedio-do-ex-ministro-a-autoridades","status":"publish","type":"post","link":"https:\/\/tvbrazilusa.com\/pt\/2024\/10\/03\/pf-nao-questionou-anielle-franco-se-ela-havia-relatado-assedio-do-ex-ministro-a-autoridades\/","title":{"rendered":"PF n\u00e3o questionou Anielle Franco se ela havia relatado ass\u00e9dio do ex-ministro a autoridades"},"content":{"rendered":"<p> <script async src=\"https:\/\/pagead2.googlesyndication.com\/pagead\/js\/adsbygoogle.js?client=ca-pub-8864793242727901\"\r\n     crossorigin=\"anonymous\"><\/script><br \/>\n<\/p>\n<div id=\"taboola-read-more\" style=\"display:block; width:100%\">\n<p>Ao colher o depoimento da ministra da Igualdade Racial, Anielle Franco, na investiga\u00e7\u00e3o que apura supostos ass\u00e9dio sexual e importuna\u00e7\u00e3o sexual pelo ex-ministro Silvio Almeida, a Pol\u00edcia Federal n\u00e3o perguntou a Anielle a quais autoridades do governo Lula ela havia relatado os epis\u00f3dios de ass\u00e9dio antes de a coluna revelar as den\u00fancias.\n<\/p>\n<p>Estranhamente, parecem n\u00e3o preocupar a investiga\u00e7\u00e3o da PF as not\u00edcias de que ministros e a pr\u00f3pria primeira-dama, Janja da Silva, haviam sido comunicados e j\u00e1 sabiam h\u00e1 tempos dos relatos.<\/p>\n<p>A pergunta n\u00e3o seria ret\u00f3rica ou sem prop\u00f3sito. Se autoridades do governo Lula souberam pela pr\u00f3pria Anielle Franco das acusa\u00e7\u00f5es contra Silvio Almeida e n\u00e3o tomaram atitude, poderia haver insumo e causa para uma nova investiga\u00e7\u00e3o da PF.\n<\/p>\n<p><strong>Metr\u00f3poles<\/strong>\u00a0 <\/p>\n<\/div>\n<p><br \/>\n<br \/><a href=\"https:\/\/diariodobrasilnoticias.com.br\/noticia\/pf-nao-questionou-anielle-franco-se-ela-havia-relatado-assedio-do-ex-ministro-a-autoridades-66fdc101f204c\">Source link <\/a><\/p>","protected":false},"excerpt":{"rendered":"<p>Ao colher o depoimento da ministra da Igualdade Racial, Anielle Franco, na investiga\u00e7\u00e3o que apura supostos ass\u00e9dio sexual e importuna\u00e7\u00e3o sexual pelo ex-ministro Silvio Almeida, a Pol\u00edcia Federal n\u00e3o perguntou&hellip;<\/p>","protected":false},"author":1,"featured_media":44364,"comment_status":"closed","ping_status":"open","sticky":false,"template":"","format":"standard","meta":{"content-type":"","footnotes":""},"categories":[16],"tags":[123,2448,5313,1267],"class_list":["post-44363","post","type-post","status-publish","format-standard","has-post-thumbnail","hentry","category-noticias","tag-brasil","tag-diario","tag-noticia","tag-noticias"],"_links":{"self":[{"href":"https:\/\/tvbrazilusa.com\/pt\/wp-json\/wp\/v2\/posts\/44363","targetHints":{"allow":["GET"]}}],"collection":[{"href":"https:\/\/tvbrazilusa.com\/pt\/wp-json\/wp\/v2\/posts"}],"about":[{"href":"https:\/\/tvbrazilusa.com\/pt\/wp-json\/wp\/v2\/types\/post"}],"author":[{"embeddable":true,"href":"https:\/\/tvbrazilusa.com\/pt\/wp-json\/wp\/v2\/users\/1"}],"replies":[{"embeddable":true,"href":"https:\/\/tvbrazilusa.com\/pt\/wp-json\/wp\/v2\/comments?post=44363"}],"version-history":[{"count":1,"href":"https:\/\/tvbrazilusa.com\/pt\/wp-json\/wp\/v2\/posts\/44363\/revisions"}],"predecessor-version":[{"id":44365,"href":"https:\/\/tvbrazilusa.com\/pt\/wp-json\/wp\/v2\/posts\/44363\/revisions\/44365"}],"wp:featuredmedia":[{"embeddable":true,"href":"https:\/\/tvbrazilusa.com\/pt\/wp-json\/wp\/v2\/media\/44364"}],"wp:attachment":[{"href":"https:\/\/tvbrazilusa.com\/pt\/wp-json\/wp\/v2\/media?parent=44363"}],"wp:term":[{"taxonomy":"category","embeddable":true,"href":"https:\/\/tvbrazilusa.com\/pt\/wp-json\/wp\/v2\/categories?post=44363"},{"taxonomy":"post_tag","embeddable":true,"href":"https:\/\/tvbrazilusa.com\/pt\/wp-json\/wp\/v2\/tags?post=44363"}],"curies":[{"name":"wp","href":"https:\/\/api.w.org\/{rel}","templated":true}]}}