{"id":44404,"date":"2024-10-03T11:10:47","date_gmt":"2024-10-03T11:10:47","guid":{"rendered":"https:\/\/tvbrazilusa.com\/2024\/10\/03\/assassinato-tragico-de-brasileira-gravida-em-lisboa-choca-portugal\/"},"modified":"2024-10-03T11:10:48","modified_gmt":"2024-10-03T11:10:48","slug":"assassinato-tragico-de-brasileira-gravida-em-lisboa-choca-portugal","status":"publish","type":"post","link":"https:\/\/tvbrazilusa.com\/pt\/2024\/10\/03\/assassinato-tragico-de-brasileira-gravida-em-lisboa-choca-portugal\/","title":{"rendered":"Assassinato tr\u00e1gico de brasileira gr\u00e1vida em Lisboa choca Portugal"},"content":{"rendered":"<p> <script async src=\"https:\/\/pagead2.googlesyndication.com\/pagead\/js\/adsbygoogle.js?client=ca-pub-8864793242727901\"\r\n     crossorigin=\"anonymous\"><\/script><br \/>\n<\/p>\n<div data-block-type=\"unstyled\" data-block-weight=\"28\">\n<p class=\"content-text__container\" data-track-category=\"Link no Texto\" data-track-links=\"data-track-links\">O crime aconteceu na hora do almo\u00e7o. O assassino teria se desentendido com Pina, que n\u00e3o cortou seu cabelo porque n\u00e3o havia hora marcada na agenda do sal\u00e3o.\n<\/p>\n<\/div>\n<div data-block-type=\"unstyled\" data-block-weight=\"30\">\n<p class=\"content-text__container\" data-track-category=\"Link no Texto\" data-track-links=\"data-track-links\">O assassino disparou nos tr\u00eas \u00e0 queima-roupa. O casal teria ido ao sal\u00e3o para ser atendido por Pina, que tinha desde 2016 o neg\u00f3cio no local. Ele deixa cinco filhos.\n<\/p>\n<div class=\"mc-column content-text active-extra-styles\" data-block-type=\"unstyled\" data-block-weight=\"31\">\n<p class=\"content-text__container\" data-track-category=\"Link no Texto\" data-track-links=\"data-track-links\">Amigos de Fernanda publicaram homenagens no Facebook, com fotos e mensagens lembrando que era uma m\u00e3e que fazia tudo pelos filhos. Ela tinha tatuagens com os nomes dos dois nos ombros.\n<\/p>\n<\/div>\n<div class=\"mc-column content-text active-extra-styles\" data-block-type=\"unstyled\" data-block-weight=\"21\">\n<p class=\"content-text__container\" data-track-category=\"Link no Texto\" data-track-links=\"data-track-links\">As principais redes de televis\u00e3o de Portugal dedicam ampla cobertura ao caso e enviaram rep\u00f3rteres para reportagens ao vivo no local.\n<\/p>\n<\/div>\n<div class=\"mc-column content-text active-extra-styles\" data-block-type=\"unstyled\" data-block-weight=\"22\">\n<p class=\"content-text__container\" data-track-category=\"Link no Texto\" data-track-links=\"data-track-links\">Nas redes sociais, portugueses e brasileiros lembram que nunca tinham visto em Portugal um crime t\u00e3o b\u00e1rbaro, que comparam a uma execu\u00e7\u00e3o.\n<\/p>\n<\/div>\n<\/div>\n<p><br \/>\n<br \/><a href=\"https:\/\/diariodobrasilnoticias.com.br\/noticia\/assassinato-tragico-de-brasileira-gravida-em-lisboa-choca-portugal-66fe6c5e473a0\">Source link <\/a><\/p>","protected":false},"excerpt":{"rendered":"<p>O crime aconteceu na hora do almo\u00e7o. O assassino teria se desentendido com Pina, que n\u00e3o cortou seu cabelo porque n\u00e3o havia hora marcada na agenda do sal\u00e3o. O assassino&hellip;<\/p>","protected":false},"author":1,"featured_media":44405,"comment_status":"closed","ping_status":"open","sticky":false,"template":"","format":"standard","meta":{"content-type":"","footnotes":""},"categories":[16],"tags":[123,2448,5313,1267],"class_list":["post-44404","post","type-post","status-publish","format-standard","has-post-thumbnail","hentry","category-noticias","tag-brasil","tag-diario","tag-noticia","tag-noticias"],"_links":{"self":[{"href":"https:\/\/tvbrazilusa.com\/pt\/wp-json\/wp\/v2\/posts\/44404","targetHints":{"allow":["GET"]}}],"collection":[{"href":"https:\/\/tvbrazilusa.com\/pt\/wp-json\/wp\/v2\/posts"}],"about":[{"href":"https:\/\/tvbrazilusa.com\/pt\/wp-json\/wp\/v2\/types\/post"}],"author":[{"embeddable":true,"href":"https:\/\/tvbrazilusa.com\/pt\/wp-json\/wp\/v2\/users\/1"}],"replies":[{"embeddable":true,"href":"https:\/\/tvbrazilusa.com\/pt\/wp-json\/wp\/v2\/comments?post=44404"}],"version-history":[{"count":1,"href":"https:\/\/tvbrazilusa.com\/pt\/wp-json\/wp\/v2\/posts\/44404\/revisions"}],"predecessor-version":[{"id":44406,"href":"https:\/\/tvbrazilusa.com\/pt\/wp-json\/wp\/v2\/posts\/44404\/revisions\/44406"}],"wp:featuredmedia":[{"embeddable":true,"href":"https:\/\/tvbrazilusa.com\/pt\/wp-json\/wp\/v2\/media\/44405"}],"wp:attachment":[{"href":"https:\/\/tvbrazilusa.com\/pt\/wp-json\/wp\/v2\/media?parent=44404"}],"wp:term":[{"taxonomy":"category","embeddable":true,"href":"https:\/\/tvbrazilusa.com\/pt\/wp-json\/wp\/v2\/categories?post=44404"},{"taxonomy":"post_tag","embeddable":true,"href":"https:\/\/tvbrazilusa.com\/pt\/wp-json\/wp\/v2\/tags?post=44404"}],"curies":[{"name":"wp","href":"https:\/\/api.w.org\/{rel}","templated":true}]}}