{"id":44413,"date":"2024-10-03T12:02:52","date_gmt":"2024-10-03T12:02:52","guid":{"rendered":"https:\/\/tvbrazilusa.com\/2024\/10\/03\/israel-confirma-anuncia-morte-do-braco-direito-do-principal-lider-do-hamas\/"},"modified":"2024-10-03T12:02:52","modified_gmt":"2024-10-03T12:02:52","slug":"israel-confirma-anuncia-morte-do-braco-direito-do-principal-lider-do-hamas","status":"publish","type":"post","link":"https:\/\/tvbrazilusa.com\/pt\/2024\/10\/03\/israel-confirma-anuncia-morte-do-braco-direito-do-principal-lider-do-hamas\/","title":{"rendered":"Israel confirma anuncia morte do bra\u00e7o direito do principal l\u00edder do Hamas"},"content":{"rendered":"<p> <script async src=\"https:\/\/pagead2.googlesyndication.com\/pagead\/js\/adsbygoogle.js?client=ca-pub-8864793242727901\"\r\n     crossorigin=\"anonymous\"><\/script><br \/>\n<\/p>\n<div id=\"taboola-read-more\" style=\"display:block; width:100%\">\n<p>As for\u00e7as de Defesa de Israel (FDI, na sigla em portugu\u00eas) e o Shin Bet, o servi\u00e7o de intelig\u00eancia do pa\u00eds, anunciaram nesta quinta-feira (3) que o primeiro-ministro do Hamas em Gaza, Rawhi Mushtaha, considerado o bra\u00e7o direito de Yanya Sinwar, foi morto.\n<\/p>\n<p>Outros dois oficiais da mil\u00edcia palestina tamb\u00e9m foram fatalmente atingidos nas opera\u00e7\u00f5es contra o grupo terrorista no enclave.<\/p>\n<p>De acordo com os militares e o Shin Bet, Mushtaha foi alvo de um ataque na Faixa de Gaza h\u00e1 tr\u00eas meses, junto a outras autoridades do Hamas, como Sameh al-Siraj, que ocupava a pasta de seguran\u00e7a no gabinete pol\u00edtico do grupo, e Sami Odeh, chefe do &#8220;mecanismo geral de seguran\u00e7a&#8221; do Hamas.\n<\/p>\n<p>Israel eliminou os terroristas em um ataque com ca\u00e7as. Segundo Tel Aviv, os alvos da opera\u00e7\u00e3o estavam escondidos em um t\u00fanel no norte da Faixa de Gaza quando foram atingidos. A FDI diz que tinha \u201cintelig\u00eancia precisa\u201d indicando que os oficiais estavam no t\u00fanel.\n<\/p>\n<p>As FDI descreveram o esconderijo onde estavam localizados como \u201cum complexo subterr\u00e2neo fortificado e equipado\u201d que \u201cserviu como um centro de comando e controle do Hamas e permitiu que agentes de alto escal\u00e3o permanecessem dentro dele por longos per\u00edodos de tempo\u201d.\n<\/p>\n<p>O Hamas n\u00e3o confirmou as mortes dos oficiais seniores. De acordo com Israel, eles escondem as derrotas importantes \u201cpara evitar a perda de moral e funcionamento de seus agentes terroristas\u201d na Faixa de Gaza.\n<\/p>\n<p>Sinwar e seu bra\u00e7o direito, Mushtaha, cumpriram pena juntos em uma pris\u00e3o israelense e, mais tarde, estabeleceram o &#8220;mecanismo geral de seguran\u00e7a do Hamas&#8221;, de acordo com as FDI.\n<\/p>\n<p>\u201cMushtaha era considerado a figura mais importante no gabinete pol\u00edtico do Hamas na Faixa de Gaza e, durante a guerra, manteve o controle civil do regime do Hamas, ao mesmo tempo em que se envolvia em atividades terroristas contra Israel\u201d.\n<\/p>\n<p>Fonte: Gazeta do Povo <\/p>\n<\/div>\n<p><br \/>\n<br \/><a href=\"https:\/\/diariodobrasilnoticias.com.br\/noticia\/israel-confirma-anuncia-morte-do-braco-direito-do-principal-lider-do-hamas-66fe84e872176\">Source link <\/a><\/p>","protected":false},"excerpt":{"rendered":"<p>As for\u00e7as de Defesa de Israel (FDI, na sigla em portugu\u00eas) e o Shin Bet, o servi\u00e7o de intelig\u00eancia do pa\u00eds, anunciaram nesta quinta-feira (3) que o primeiro-ministro do Hamas&hellip;<\/p>","protected":false},"author":1,"featured_media":44414,"comment_status":"closed","ping_status":"open","sticky":false,"template":"","format":"standard","meta":{"content-type":"","footnotes":""},"categories":[16],"tags":[123,2448,5313,1267],"class_list":["post-44413","post","type-post","status-publish","format-standard","has-post-thumbnail","hentry","category-noticias","tag-brasil","tag-diario","tag-noticia","tag-noticias"],"_links":{"self":[{"href":"https:\/\/tvbrazilusa.com\/pt\/wp-json\/wp\/v2\/posts\/44413","targetHints":{"allow":["GET"]}}],"collection":[{"href":"https:\/\/tvbrazilusa.com\/pt\/wp-json\/wp\/v2\/posts"}],"about":[{"href":"https:\/\/tvbrazilusa.com\/pt\/wp-json\/wp\/v2\/types\/post"}],"author":[{"embeddable":true,"href":"https:\/\/tvbrazilusa.com\/pt\/wp-json\/wp\/v2\/users\/1"}],"replies":[{"embeddable":true,"href":"https:\/\/tvbrazilusa.com\/pt\/wp-json\/wp\/v2\/comments?post=44413"}],"version-history":[{"count":1,"href":"https:\/\/tvbrazilusa.com\/pt\/wp-json\/wp\/v2\/posts\/44413\/revisions"}],"predecessor-version":[{"id":44415,"href":"https:\/\/tvbrazilusa.com\/pt\/wp-json\/wp\/v2\/posts\/44413\/revisions\/44415"}],"wp:featuredmedia":[{"embeddable":true,"href":"https:\/\/tvbrazilusa.com\/pt\/wp-json\/wp\/v2\/media\/44414"}],"wp:attachment":[{"href":"https:\/\/tvbrazilusa.com\/pt\/wp-json\/wp\/v2\/media?parent=44413"}],"wp:term":[{"taxonomy":"category","embeddable":true,"href":"https:\/\/tvbrazilusa.com\/pt\/wp-json\/wp\/v2\/categories?post=44413"},{"taxonomy":"post_tag","embeddable":true,"href":"https:\/\/tvbrazilusa.com\/pt\/wp-json\/wp\/v2\/tags?post=44413"}],"curies":[{"name":"wp","href":"https:\/\/api.w.org\/{rel}","templated":true}]}}