{"id":44431,"date":"2024-10-03T13:08:09","date_gmt":"2024-10-03T13:08:09","guid":{"rendered":"https:\/\/tvbrazilusa.com\/2024\/10\/03\/ramagem-critica-paes-por-fala-sobre-ozempic-malandragem\/"},"modified":"2024-10-03T13:08:11","modified_gmt":"2024-10-03T13:08:11","slug":"ramagem-critica-paes-por-fala-sobre-ozempic-malandragem","status":"publish","type":"post","link":"https:\/\/tvbrazilusa.com\/pt\/2024\/10\/03\/ramagem-critica-paes-por-fala-sobre-ozempic-malandragem\/","title":{"rendered":"Ramagem critica Paes por fala sobre Ozempic: \u201cMalandragem\u201d"},"content":{"rendered":"<p> <script async src=\"https:\/\/pagead2.googlesyndication.com\/pagead\/js\/adsbygoogle.js?client=ca-pub-8864793242727901\"\r\n     crossorigin=\"anonymous\"><\/script><br \/>\n<\/p>\n<div id=\"taboola-read-more\" style=\"display:block; width:100%\">\n<p>Nesta ter\u00e7a-feira (1\u00ba), o candidato \u00e0 prefeitura do Rio de Janeiro, Alexandre Ramagem (PL), usou as redes sociais para criticar Eduardo Paes (PSD), atual prefeito e candidato \u00e0 reelei\u00e7\u00e3o, que afirmou em entrevista ao jornal Extra que pretendia distribuir Ozempic na rede p\u00fablica de sa\u00fade caso fosse reeleito.\n<\/p>\n<p>Na pe\u00e7a compartilhada pelo ex-chefe da Ag\u00eancia Brasileira de Intelig\u00eancia (Abin), moradores reclamam da falta de medicamentos b\u00e1sicos nas Cl\u00ednicas da Fam\u00edlia.<\/p>\n<p>\u2013 A gente quer uma dipirona, n\u00e3o tem. A gente quer um antibi\u00f3tico, n\u00e3o tem. Ent\u00e3o est\u00e1 faltando muita coisa. Ent\u00e3o \u00e9 isso que voc\u00ea tem que fazer, voc\u00ea tem que tomar vergonha na cara e ir na favela procurar ver o que os pobres est\u00e3o precisando. N\u00e3o \u00e9 Ozempic, n\u00e3o \u2013 afirmou uma das entrevistadas.\n<\/p>\n<\/p>\n<p>Na legenda da postagem, Ramagem classificou a declara\u00e7\u00e3o do prefeito como \u201cmalandragem\u201d e recebeu o apoio de seus seguidores\n<\/p>\n<p>\u2013 Oferecer Ozempic n\u00e3o seria compra de voto? Isso \u00e9 no m\u00ednimo deprimente. Quem teve experi\u00eancia em UPA e hospital e perdeu parente \u00e9 quem sabe \u2013 disse um internauta.\n<\/p>\n<p>O Ozempic \u00e9 um rem\u00e9dio injet\u00e1vel usado no tratamento da diabetes, mas ficou famoso por ter, como \u201cefeito colateral\u201d, o f\u00e1cil emagrecimento. Nas farm\u00e1cias do Brasil uma unidade custa, em m\u00e9dia, mil reais.\n<\/p>\n<p>\u00a0<\/p>\n<p>Segundo a pesquisa Quaest, divulgada na segunda-feira (30), Paes lidera a corrida \u00e0 prefeitura carioca, com com 53% das inten\u00e7\u00f5es de voto, podendo ser reeleito em primeiro turno. Ramagem aparece em segundo lugar, com 20%, seguido pelo deputado federal Tarc\u00edsio Motta (PSOL), com 6%.\n<\/p>\n<p>*Com informa\u00e7\u00f5es AE\n<\/p>\n<p>Fonte: Pleno News <\/p>\n<\/div>\n<p><br \/>\n<br \/><a href=\"https:\/\/diariodobrasilnoticias.com.br\/noticia\/ramagem-critica-paes-por-fala-sobre-ozempic-malandragem-66fe736316cdc\">Source link <\/a><\/p>","protected":false},"excerpt":{"rendered":"<p>Nesta ter\u00e7a-feira (1\u00ba), o candidato \u00e0 prefeitura do Rio de Janeiro, Alexandre Ramagem (PL), usou as redes sociais para criticar Eduardo Paes (PSD), atual prefeito e candidato \u00e0 reelei\u00e7\u00e3o, que&hellip;<\/p>","protected":false},"author":1,"featured_media":44432,"comment_status":"closed","ping_status":"open","sticky":false,"template":"","format":"standard","meta":{"content-type":"","footnotes":""},"categories":[16],"tags":[123,2448,5313,1267],"class_list":["post-44431","post","type-post","status-publish","format-standard","has-post-thumbnail","hentry","category-noticias","tag-brasil","tag-diario","tag-noticia","tag-noticias"],"_links":{"self":[{"href":"https:\/\/tvbrazilusa.com\/pt\/wp-json\/wp\/v2\/posts\/44431","targetHints":{"allow":["GET"]}}],"collection":[{"href":"https:\/\/tvbrazilusa.com\/pt\/wp-json\/wp\/v2\/posts"}],"about":[{"href":"https:\/\/tvbrazilusa.com\/pt\/wp-json\/wp\/v2\/types\/post"}],"author":[{"embeddable":true,"href":"https:\/\/tvbrazilusa.com\/pt\/wp-json\/wp\/v2\/users\/1"}],"replies":[{"embeddable":true,"href":"https:\/\/tvbrazilusa.com\/pt\/wp-json\/wp\/v2\/comments?post=44431"}],"version-history":[{"count":1,"href":"https:\/\/tvbrazilusa.com\/pt\/wp-json\/wp\/v2\/posts\/44431\/revisions"}],"predecessor-version":[{"id":44433,"href":"https:\/\/tvbrazilusa.com\/pt\/wp-json\/wp\/v2\/posts\/44431\/revisions\/44433"}],"wp:featuredmedia":[{"embeddable":true,"href":"https:\/\/tvbrazilusa.com\/pt\/wp-json\/wp\/v2\/media\/44432"}],"wp:attachment":[{"href":"https:\/\/tvbrazilusa.com\/pt\/wp-json\/wp\/v2\/media?parent=44431"}],"wp:term":[{"taxonomy":"category","embeddable":true,"href":"https:\/\/tvbrazilusa.com\/pt\/wp-json\/wp\/v2\/categories?post=44431"},{"taxonomy":"post_tag","embeddable":true,"href":"https:\/\/tvbrazilusa.com\/pt\/wp-json\/wp\/v2\/tags?post=44431"}],"curies":[{"name":"wp","href":"https:\/\/api.w.org\/{rel}","templated":true}]}}