{"id":44464,"date":"2024-10-03T15:07:29","date_gmt":"2024-10-03T15:07:29","guid":{"rendered":"https:\/\/tvbrazilusa.com\/2024\/10\/03\/grave-mulher-morre-em-acidente-apos-peca-de-airbag-atingir-o-seu-pescoco\/"},"modified":"2024-10-03T15:07:30","modified_gmt":"2024-10-03T15:07:30","slug":"grave-mulher-morre-em-acidente-apos-peca-de-airbag-atingir-o-seu-pescoco","status":"publish","type":"post","link":"https:\/\/tvbrazilusa.com\/pt\/2024\/10\/03\/grave-mulher-morre-em-acidente-apos-peca-de-airbag-atingir-o-seu-pescoco\/","title":{"rendered":"GRAVE: Mulher morre em acidente ap\u00f3s pe\u00e7a de airbag atingir o seu pesco\u00e7o"},"content":{"rendered":"<p> <script async src=\"https:\/\/pagead2.googlesyndication.com\/pagead\/js\/adsbygoogle.js?client=ca-pub-8864793242727901\"\r\n     crossorigin=\"anonymous\"><\/script><br \/>\n<\/p>\n<div id=\"taboola-read-more\" style=\"display:block; width:100%\">\n<p>Marcela Gon\u00e7alves Feitosa de Melo, assistente social de 37 anos, morreu ap\u00f3s ser atingida no pesco\u00e7o por uma pe\u00e7a do airbag do seu carro durante um acidente.\n<\/p>\n<p>Na \u00faltima ter\u00e7a-feira (1\u00ba), Marcela bateu na traseira de um ve\u00edculo que havia parado em uma faixa de pedestres, no Cruzeiro, regi\u00e3o a cerca de 10 km do centro de Bras\u00edlia. O impacto do acidente fez com que o airbag do carro fosse acionado, e um fragmento do airbag teria atingido a cervical da mulher.<\/p>\n<p>O caso est\u00e1 sendo investigado pela Pol\u00edcia Civil do Distrito Federal (PCDF). O delegado da delegacia respons\u00e1vel pelo caso, Victor Dan, afirmou que o Instituto de Criminal\u00edstica est\u00e1 trabalhando para finalizar um laudo sobre o acidente.\n<\/p>\n<p>\u201cA causa da morte teria sido um proj\u00e9til que penetrou na cervical da v\u00edtima. Esse \u00e9 um laudo preliminar do Instituto de Criminal\u00edstica da Pol\u00edcia Civil e, agora, vamos aguardar os demais laudos\u201d, disse o delegado.\n<\/p>\n<p>A assistente social dirigia um Toyota Etios XS 1.5, modelo 2015\/2016. Em nota, a montadora afirmou que o modelo tinha uma campanha de recall pendente desde 2019.\n<\/p>\n<p>\u201cA Toyota se solidariza com a fam\u00edlia da v\u00edtima e lamenta o ocorrido. Com rela\u00e7\u00e3o ao ve\u00edculo, informa que se encontra com campanha de recall pendente desde 2019. Para que a Toyota possa fornecer maiores informa\u00e7\u00f5es, ser\u00e1 necess\u00e1ria per\u00edcia t\u00e9cnica\u201d, afirmou em nota a montadora.\n<\/p>\n<p>De acordo com o portal da Secretaria Nacional de Tr\u00e2nsito (Senatran), o modelo de carro dirigido por Melo tinha dois recalls de airbag pendentes: um referente ao airbag do motorista e outro ao do passageiro.\n<\/p>\n<p>Fonte: CNN BRasil <\/p>\n<\/div>\n<p><br \/>\n<br \/><a href=\"https:\/\/diariodobrasilnoticias.com.br\/noticia\/grave-mulher-morre-em-acidente-apos-peca-de-airbag-atingir-o-seu-pescoco-66fe8b3927a73\">Source link <\/a><\/p>","protected":false},"excerpt":{"rendered":"<p>Marcela Gon\u00e7alves Feitosa de Melo, assistente social de 37 anos, morreu ap\u00f3s ser atingida no pesco\u00e7o por uma pe\u00e7a do airbag do seu carro durante um acidente. Na \u00faltima ter\u00e7a-feira&hellip;<\/p>","protected":false},"author":1,"featured_media":44465,"comment_status":"closed","ping_status":"open","sticky":false,"template":"","format":"standard","meta":{"content-type":"","footnotes":""},"categories":[16],"tags":[123,2448,5313,1267],"class_list":["post-44464","post","type-post","status-publish","format-standard","has-post-thumbnail","hentry","category-noticias","tag-brasil","tag-diario","tag-noticia","tag-noticias"],"_links":{"self":[{"href":"https:\/\/tvbrazilusa.com\/pt\/wp-json\/wp\/v2\/posts\/44464","targetHints":{"allow":["GET"]}}],"collection":[{"href":"https:\/\/tvbrazilusa.com\/pt\/wp-json\/wp\/v2\/posts"}],"about":[{"href":"https:\/\/tvbrazilusa.com\/pt\/wp-json\/wp\/v2\/types\/post"}],"author":[{"embeddable":true,"href":"https:\/\/tvbrazilusa.com\/pt\/wp-json\/wp\/v2\/users\/1"}],"replies":[{"embeddable":true,"href":"https:\/\/tvbrazilusa.com\/pt\/wp-json\/wp\/v2\/comments?post=44464"}],"version-history":[{"count":1,"href":"https:\/\/tvbrazilusa.com\/pt\/wp-json\/wp\/v2\/posts\/44464\/revisions"}],"predecessor-version":[{"id":44466,"href":"https:\/\/tvbrazilusa.com\/pt\/wp-json\/wp\/v2\/posts\/44464\/revisions\/44466"}],"wp:featuredmedia":[{"embeddable":true,"href":"https:\/\/tvbrazilusa.com\/pt\/wp-json\/wp\/v2\/media\/44465"}],"wp:attachment":[{"href":"https:\/\/tvbrazilusa.com\/pt\/wp-json\/wp\/v2\/media?parent=44464"}],"wp:term":[{"taxonomy":"category","embeddable":true,"href":"https:\/\/tvbrazilusa.com\/pt\/wp-json\/wp\/v2\/categories?post=44464"},{"taxonomy":"post_tag","embeddable":true,"href":"https:\/\/tvbrazilusa.com\/pt\/wp-json\/wp\/v2\/tags?post=44464"}],"curies":[{"name":"wp","href":"https:\/\/api.w.org\/{rel}","templated":true}]}}