{"id":44493,"date":"2024-10-03T17:05:53","date_gmt":"2024-10-03T17:05:53","guid":{"rendered":"https:\/\/tvbrazilusa.com\/2024\/10\/03\/o-diretor-do-nj-hs-se-declara-inocente-de-ma-conduta-no-caso-de-abuso-infantil-do-prefeito\/"},"modified":"2024-10-03T17:17:12","modified_gmt":"2024-10-03T17:17:12","slug":"o-diretor-do-nj-hs-se-declara-inocente-de-ma-conduta-no-caso-de-abuso-infantil-do-prefeito","status":"publish","type":"post","link":"https:\/\/tvbrazilusa.com\/pt\/2024\/10\/03\/o-diretor-do-nj-hs-se-declara-inocente-de-ma-conduta-no-caso-de-abuso-infantil-do-prefeito\/","title":{"rendered":"O diretor do NJ HS se declara inocente de m\u00e1 conduta no caso de abuso infantil do prefeito"},"content":{"rendered":"<script async src=\"https:\/\/pagead2.googlesyndication.com\/pagead\/js\/adsbygoogle.js?client=ca-pub-8864793242727901\"\r\n     crossorigin=\"anonymous\"><\/script>\n<div>\n<p class=\"article__paragraph article__paragraph--left\" id=\"Z6R6GRRQHFHYBJJSH6N7C73B2I\">O diretor da Atlantic City High School se declarou inocente na quinta-feira das acusa\u00e7\u00f5es <a href=\"https:\/\/www.nj.com\/atlantic\/2024\/09\/nj-principal-indicted-for-failing-to-report-alleged-child-abuse-by-city-mayor.html\" target=\"_blank\" rel=\"noreferrer noopener\" title=\"https:\/\/www.nj.com\/atlantic\/2024\/09\/nj-principal-indicted-for-failing-to-report-alleged-child-abuse-by-city-mayor.html\">ela tentou evitar uma investiga\u00e7\u00e3o criminal sobre o prefeito e o superintendente escolar da cidade<\/a> ao n\u00e3o denunciar acusa\u00e7\u00f5es de abuso infantil \u00e0s autoridades estatais.<\/p>\n<p class=\"article__paragraph article__paragraph--left\" id=\"ZHW624RMARHTZJD6767EVUN4HY\">Constance Days-Chapman apresentou seu apelo a v\u00e1rias acusa\u00e7\u00f5es de m\u00e1 conduta oficial, juntamente com acusa\u00e7\u00f5es de colocar crian\u00e7as em perigo e dificultar a apreens\u00e3o durante uma audi\u00eancia no Tribunal Superior do Condado de Atlantic, de acordo com os registros do tribunal.<\/p>\n<p class=\"article__paragraph article__paragraph--left\" id=\"T4TCBRHFVFHV7EFTRZ652DS6QE\">Seu advogado, Lee Vartan, n\u00e3o p\u00f4de ser contatado imediatamente pela NJ Advance Media para comentar.<\/p>\n<p class=\"article__paragraph article__paragraph--left\" id=\"L2NYGPZP3RD2JE5PL5HEYA7GXI\">Os promotores disseram que Days-Chapman n\u00e3o relatou <a href=\"https:\/\/www.nj.com\/atlantic\/2024\/09\/nj-mayor-wife-indicted-on-child-abuse-charges.html\" target=\"_blank\" rel=\"noopener\" title=\"https:\/\/www.nj.com\/atlantic\/2024\/09\/nj-mayor-wife-indicted-on-child-abuse-charges.html\">alega\u00e7\u00f5es de abuso infantil feitas pela filha adolescente do prefeito de Atlantic City, Marty Small Sr., e sua esposa, La&#8217;Quetta Small,<\/a> que \u00e9 o superintendente da escola p\u00fablica da cidade, aos servi\u00e7os estaduais de prote\u00e7\u00e3o \u00e0 crian\u00e7a.<\/p>\n<p class=\"article__paragraph article__paragraph--left\" id=\"E55U5FW3SJEPRO57J2LECNUG54\">Os funcion\u00e1rios da Atlantic City High School, no entanto, foram informados por Days-Chapman que ela informaria as autoridades estaduais sobre as alega\u00e7\u00f5es, disseram as autoridades. <\/p>\n<p class=\"article__paragraph article__paragraph--left\" id=\"3PABMT4Z5BHDLGZNOK3ZCMBCUA\">No mesmo dia, Days-Chapman se reuniu com os pais do adolescente fora de casa para confront\u00e1-los sobre as acusa\u00e7\u00f5es, disseram as autoridades.<\/p>\n<p class=\"article__paragraph article__paragraph--left\" id=\"HAC643LHB5CT7HWX4FCPJGKEQI\">Days-Chapman trabalhou na campanha de reelei\u00e7\u00e3o de Marty Small e atuou ativamente no Partido Democrata local. <\/p>\n<p class=\"article__paragraph article__paragraph--left\" id=\"G4J552DWIBDO5OZ725IZOTREXQ\">O prefeito e o superintendente tamb\u00e9m foram indiciados no m\u00eas passado por acusa\u00e7\u00f5es de terem espancado a filha entre dezembro e janeiro, quando ela tinha 15 e 16 anos, disseram as autoridades. Ela sofreu ferimentos devido ao abuso e as evid\u00eancias foram registradas em dispositivos m\u00f3veis apreendidos durante a investiga\u00e7\u00e3o, disseram as autoridades.<\/p>\n<p class=\"article__paragraph article__paragraph--left\" id=\"TC5VDJPTRFHG5F3SY7BEAS2PTU\">Os Smalls devem comparecer ao tribunal para uma acusa\u00e7\u00e3o na pr\u00f3xima semana.<\/p>\n<section class=\"Stories-By-Author-module_wrapper__ezbcK Stories-By-Author-module_nj__Ap1-Y\"\/>\n<p class=\"article__paragraph article__paragraph--left\" id=\"OBD3NPF5I5HYJH6YE3TG4SQJIA\"><i>Obrigado por confiar em n\u00f3s para fornecer not\u00edcias locais em que voc\u00ea pode confiar. Por favor, considere apoiar <\/i><a href=\"https:\/\/www.nj.com\/\"><i>NJ.com<\/i><\/a><i>  com uma assinatura.<\/i><\/p>\n<p class=\"article__paragraph article__paragraph--left\" id=\"YHLBDPSFINBXJCCAUYMJASONMA\"><a href=\"https:\/\/www.nj.com\/staff\/eric-conklin\/posts.html\"><i>Eric Conklin<\/i><\/a><i>  pode ser alcan\u00e7ado em <\/i><a href=\"https:\/\/www.nj.com\/atlantic\/2024\/10\/mailto:econklin@njadvancemedia.com\"><i>econklin@njadvancemedia.com<\/i><\/a><i>.<\/i><\/p>\n<\/div>\n<p><br \/>\n<br \/><a href=\"https:\/\/www.nj.com\/atlantic\/2024\/10\/nj-hs-principal-pleads-not-guilty-to-misconduct-in-mayors-child-abuse-case.html\">Source link <\/a><\/p>","protected":false},"excerpt":{"rendered":"<p>O diretor da Atlantic City High School se declarou inocente na quinta-feira das acusa\u00e7\u00f5es ela tentou evitar uma investiga\u00e7\u00e3o criminal sobre o prefeito e o superintendente escolar da cidade ao&hellip;<\/p>","protected":false},"author":1,"featured_media":44494,"comment_status":"closed","ping_status":"open","sticky":false,"template":"","format":"standard","meta":{"content-type":"","footnotes":""},"categories":[1],"tags":[],"class_list":["post-44493","post","type-post","status-publish","format-standard","has-post-thumbnail","hentry","category-uncategorized"],"_links":{"self":[{"href":"https:\/\/tvbrazilusa.com\/pt\/wp-json\/wp\/v2\/posts\/44493","targetHints":{"allow":["GET"]}}],"collection":[{"href":"https:\/\/tvbrazilusa.com\/pt\/wp-json\/wp\/v2\/posts"}],"about":[{"href":"https:\/\/tvbrazilusa.com\/pt\/wp-json\/wp\/v2\/types\/post"}],"author":[{"embeddable":true,"href":"https:\/\/tvbrazilusa.com\/pt\/wp-json\/wp\/v2\/users\/1"}],"replies":[{"embeddable":true,"href":"https:\/\/tvbrazilusa.com\/pt\/wp-json\/wp\/v2\/comments?post=44493"}],"version-history":[{"count":1,"href":"https:\/\/tvbrazilusa.com\/pt\/wp-json\/wp\/v2\/posts\/44493\/revisions"}],"predecessor-version":[{"id":44495,"href":"https:\/\/tvbrazilusa.com\/pt\/wp-json\/wp\/v2\/posts\/44493\/revisions\/44495"}],"wp:featuredmedia":[{"embeddable":true,"href":"https:\/\/tvbrazilusa.com\/pt\/wp-json\/wp\/v2\/media\/44494"}],"wp:attachment":[{"href":"https:\/\/tvbrazilusa.com\/pt\/wp-json\/wp\/v2\/media?parent=44493"}],"wp:term":[{"taxonomy":"category","embeddable":true,"href":"https:\/\/tvbrazilusa.com\/pt\/wp-json\/wp\/v2\/categories?post=44493"},{"taxonomy":"post_tag","embeddable":true,"href":"https:\/\/tvbrazilusa.com\/pt\/wp-json\/wp\/v2\/tags?post=44493"}],"curies":[{"name":"wp","href":"https:\/\/api.w.org\/{rel}","templated":true}]}}