{"id":44542,"date":"2024-10-03T21:09:13","date_gmt":"2024-10-03T21:09:13","guid":{"rendered":"https:\/\/tvbrazilusa.com\/2024\/10\/03\/coordenador-indigena-do-ministerio-da-saude-enfrenta-acusacoes-de-assedio-sexual\/"},"modified":"2024-10-03T21:09:14","modified_gmt":"2024-10-03T21:09:14","slug":"coordenador-indigena-do-ministerio-da-saude-enfrenta-acusacoes-de-assedio-sexual","status":"publish","type":"post","link":"https:\/\/tvbrazilusa.com\/pt\/2024\/10\/03\/coordenador-indigena-do-ministerio-da-saude-enfrenta-acusacoes-de-assedio-sexual\/","title":{"rendered":"Coordenador ind\u00edgena do Minist\u00e9rio da Sa\u00fade enfrenta acusa\u00e7\u00f5es de ass\u00e9dio sexual"},"content":{"rendered":"<p> <script async src=\"https:\/\/pagead2.googlesyndication.com\/pagead\/js\/adsbygoogle.js?client=ca-pub-8864793242727901\"\r\n     crossorigin=\"anonymous\"><\/script><br \/>\n<\/p>\n<div id=\"taboola-read-more\" style=\"display:block; width:100%\">\n<p>O Minist\u00e9rio da Sa\u00fade exonerou Ant\u00f4nio C\u00edcero Santana da Silva Apurin\u00e3, coordenador do Distrito Sanit\u00e1rio Especial Ind\u00edgena (Dsei) M\u00e9dio Rio Purus, por suspeita de ass\u00e9dio sexual. Apurin\u00e3 \u00e9 acusado de propor sexo a servidoras; aquelas que resistiam eram transferidas para \u00e1reas remotas ou perdiam o emprego. A demiss\u00e3o do coordenador foi oficializada em 11 de setembro, depois de den\u00fancias de subordinados.\n<\/p>\n<p dir=\"ltr\">Apurin\u00e3 havia assumido o cargo em fevereiro do ano passado. O distrito onde ele trabalhava fica localizado em L\u00e1brea, no Estado do Amazonas. O local atende 12.357 ind\u00edgenas em 128 aldeias. As informa\u00e7\u00f5es s\u00e3o da\u00a0<em dir=\"ltr\">Folha de S.Paulo.<\/em><\/p>\n<p dir=\"ltr\">\u00a0\n<\/p>\n<p>As acusa\u00e7\u00f5es contra Apurin\u00e3 incluem pelo menos quatro casos de ass\u00e9dio sexual e moral. As den\u00fancias seguiram para o Minist\u00e9rio P\u00fablico Federal (MPF) e \u00e0 Pol\u00edcia Federal (PF) em Rond\u00f4nia e Amazonas.\n<\/p>\n<p dir=\"ltr\">De acordo com a\u00a0<em dir=\"ltr\">Folha<\/em>, a PF de Rond\u00f4nia iniciou uma investiga\u00e7\u00e3o e j\u00e1 colheu depoimentos. A Comiss\u00e3o de Sa\u00fade da C\u00e2mara Municipal de L\u00e1brea tamb\u00e9m se mobilizou para apurar os fatos.\n<\/p>\n<p dir=\"ltr\">\u00a0\n<\/p>\n<p>Apurin\u00e3 n\u00e3o respondeu a tentativas de contato do jornal. O Minist\u00e9rio da Sa\u00fade afirmou, em nota, que o Dsei vai cooperar com as investiga\u00e7\u00f5es.\n<\/p>\n<h2>Investiga\u00e7\u00f5es sobre ass\u00e9dio sexual e relatos das v\u00edtimas<\/h2>\n<p dir=\"ltr\">V\u00edtimas relataram abusos \u00e0\u00a0<em dir=\"ltr\">Folha\u00a0<\/em>sob anonimato, por medo de repres\u00e1lias. Uma das mulheres contou que, durante viagens de trabalho, seu chefe a escalava frequentemente para miss\u00f5es de at\u00e9 20 dias em um barco.\n<\/p>\n<p dir=\"ltr\">\u00a0\n<\/p>\n<p>Segundo o ve\u00edculo, Apurin\u00e3 tinha uma \u00e1rea privativa e a chamava para conversas com elogios excessivos, toques invasivos e promessas de promo\u00e7\u00e3o. Sem sucesso, ele dizia a ind\u00edgenas que ainda teria rela\u00e7\u00f5es sexuais com ela.\n<\/p>\n<p>A Pol\u00edcia Civil do Amazonas informou que todos os procedimentos j\u00e1 est\u00e3o em posse da Pol\u00edcia Federal. A PF em Rond\u00f4nia afirmou que n\u00e3o comenta investiga\u00e7\u00f5es em andamento. O MPF e a pol\u00edcia do Amazonas foram procurados, mas n\u00e3o se manifestaram.\n<\/p>\n<h2>Caso Silvio Almeida foi o 1\u00ba no governo Lula<\/h2>\n<p>O caso de Apurin\u00e3 \u00e9 mais um epis\u00f3dio de ass\u00e9dio sexual em \u00f3rg\u00e3os do governo Luiz In\u00e1cio Lula da Silva. No m\u00eas passado, Silvio Almeida foi demitido do Minist\u00e9rio dos Direitos Humanos depois de den\u00fancias semelhantes.\n<\/p>\n<p><strong>Revista Oeste\u00a0<\/strong> <\/p>\n<\/div>\n<p><br \/>\n<br \/><a href=\"https:\/\/diariodobrasilnoticias.com.br\/noticia\/coordenador-indigena-do-ministerio-da-saude-enfrenta-acusacoes-de-assedio-sexual-66fee1e7617ba\">Source link <\/a><\/p>","protected":false},"excerpt":{"rendered":"<p>O Minist\u00e9rio da Sa\u00fade exonerou Ant\u00f4nio C\u00edcero Santana da Silva Apurin\u00e3, coordenador do Distrito Sanit\u00e1rio Especial Ind\u00edgena (Dsei) M\u00e9dio Rio Purus, por suspeita de ass\u00e9dio sexual. Apurin\u00e3 \u00e9 acusado de&hellip;<\/p>","protected":false},"author":1,"featured_media":44543,"comment_status":"closed","ping_status":"open","sticky":false,"template":"","format":"standard","meta":{"content-type":"","footnotes":""},"categories":[16],"tags":[123,2448,5313,1267],"class_list":["post-44542","post","type-post","status-publish","format-standard","has-post-thumbnail","hentry","category-noticias","tag-brasil","tag-diario","tag-noticia","tag-noticias"],"_links":{"self":[{"href":"https:\/\/tvbrazilusa.com\/pt\/wp-json\/wp\/v2\/posts\/44542","targetHints":{"allow":["GET"]}}],"collection":[{"href":"https:\/\/tvbrazilusa.com\/pt\/wp-json\/wp\/v2\/posts"}],"about":[{"href":"https:\/\/tvbrazilusa.com\/pt\/wp-json\/wp\/v2\/types\/post"}],"author":[{"embeddable":true,"href":"https:\/\/tvbrazilusa.com\/pt\/wp-json\/wp\/v2\/users\/1"}],"replies":[{"embeddable":true,"href":"https:\/\/tvbrazilusa.com\/pt\/wp-json\/wp\/v2\/comments?post=44542"}],"version-history":[{"count":1,"href":"https:\/\/tvbrazilusa.com\/pt\/wp-json\/wp\/v2\/posts\/44542\/revisions"}],"predecessor-version":[{"id":44544,"href":"https:\/\/tvbrazilusa.com\/pt\/wp-json\/wp\/v2\/posts\/44542\/revisions\/44544"}],"wp:featuredmedia":[{"embeddable":true,"href":"https:\/\/tvbrazilusa.com\/pt\/wp-json\/wp\/v2\/media\/44543"}],"wp:attachment":[{"href":"https:\/\/tvbrazilusa.com\/pt\/wp-json\/wp\/v2\/media?parent=44542"}],"wp:term":[{"taxonomy":"category","embeddable":true,"href":"https:\/\/tvbrazilusa.com\/pt\/wp-json\/wp\/v2\/categories?post=44542"},{"taxonomy":"post_tag","embeddable":true,"href":"https:\/\/tvbrazilusa.com\/pt\/wp-json\/wp\/v2\/tags?post=44542"}],"curies":[{"name":"wp","href":"https:\/\/api.w.org\/{rel}","templated":true}]}}