{"id":44555,"date":"2024-10-03T22:11:01","date_gmt":"2024-10-03T22:11:01","guid":{"rendered":"https:\/\/tvbrazilusa.com\/2024\/10\/03\/funcionarios-do-tesouro-realizam-protesto-contra-o-reajuste-salarial\/"},"modified":"2024-10-03T22:11:04","modified_gmt":"2024-10-03T22:11:04","slug":"funcionarios-do-tesouro-realizam-protesto-contra-o-reajuste-salarial","status":"publish","type":"post","link":"https:\/\/tvbrazilusa.com\/pt\/2024\/10\/03\/funcionarios-do-tesouro-realizam-protesto-contra-o-reajuste-salarial\/","title":{"rendered":"Funcion\u00e1rios do Tesouro realizam protesto contra o reajuste salarial"},"content":{"rendered":"<p> <script async src=\"https:\/\/pagead2.googlesyndication.com\/pagead\/js\/adsbygoogle.js?client=ca-pub-8864793242727901\"\r\n     crossorigin=\"anonymous\"><\/script><br \/>\n<\/p>\n<div id=\"taboola-read-more\" style=\"display:block; width:100%\">\n<p>Funcion\u00e1rios p\u00fablicos do Tesouro Nacional protestaram nesta quinta-feira (3) durante a apresenta\u00e7\u00e3o dos dados do resultado prim\u00e1rio do governo federal, na sede do Minist\u00e9rio da Fazenda.\n<\/p>\n<p>Na ocasi\u00e3o, eles usaram nariz de palha\u00e7o e seguraram cartazes com as frases \u201co governo n\u00e3o sabe o tesouro que tem\u201d e \u201cacordo se cumpre: n\u00edvel superior para os t\u00e9cnicos\u201d, entre outras. O protesto \u00e9 devido a falta de acordo de ajuste salarial.<\/p>\n<p dir=\"ltr\" tabindex=\"0\">Em\u00a0<a dir=\"ltr\" href=\"https:\/\/www.gazetadopovo.com.br\/republica\/servidores-tesouro-cgu-aprovam-greve-24h-contra-reestruturacao\/?ref=link-interno-materia\">greve desde agosto<\/a>\u00a0deste ano, os auditores e t\u00e9cnicos federais de finan\u00e7as cobram a reabertura de negocia\u00e7\u00f5es para aumento salarial. Uma das exig\u00eancias \u00e9 igualar os sal\u00e1rios a outras carreiras de outros \u00f3rg\u00e3os, como Pol\u00edcia Federal, Receita Federal e Tribunal de Contas da Uni\u00e3o (TCU).\n<\/p>\n<p dir=\"ltr\" tabindex=\"0\">\u00a0\n<\/p>\n<p tabindex=\"0\">Durante o an\u00fancio do resultado prim\u00e1rio do governo, o secret\u00e1rio do Tesouro Nacional, Rog\u00e9rio Ceron, parabenizou o protesto e disse que s\u00e3o leg\u00edtimas as reivindica\u00e7\u00f5es dos servidores de forma \u201crespeitosa\u201d e \u201ccorreta\u201d.\u00a0\n<\/p>\n<p tabindex=\"0\">\u00a0\n<\/p>\n<p tabindex=\"0\">Segundo a categoria, houve evas\u00e3o de funcion\u00e1rios nos \u00faltimos anos por falta de valoriza\u00e7\u00e3o salarial.\u00a0\n<\/p>\n<p tabindex=\"0\">No \u00faltimo acordo com o governo federal, foi proposto o reajuste de 23% dos auditores federais em duas parcelas: uma em janeiro de 2025 e outra em abril de 2026.\u00a0 J\u00e1 os t\u00e9cnicos federais de finan\u00e7as e controle teria um aumento de 24% no mesmo per\u00edodo. Tamb\u00e9m foi sugerido pelo Minist\u00e9rio da Gest\u00e3o e Inova\u00e7\u00e3o a amplia\u00e7\u00e3o de 13 para 20 nos n\u00edveis na tabela de progress\u00e3o remunerat\u00f3ria.\u00a0\n<\/p>\n<p tabindex=\"0\">\u00a0\n<\/p>\n<p tabindex=\"0\">No entanto, o Sindicato Nacional dos Auditores e T\u00e9cnicos Federais e Finan\u00e7as e Controle (Unacon Sindical) n\u00e3o aceitou as propostas do governo, por defender um reajuste e a manuten\u00e7\u00e3o da tabela com 13 n\u00edveis e a equipara\u00e7\u00e3o salarial com outros \u00f3rg\u00e3os.\u00a0 Al\u00e9m disso, tamb\u00e9m pede a exig\u00eancia de n\u00edvel superior para t\u00e9cnicos federais de finan\u00e7as e controle. O \u00faltimo encontro de tentativa de acordo ocorreu na \u00faltima ter\u00e7a-feira (1\u00ba).\n<\/p>\n<p tabindex=\"0\"><strong>Gazeta do Povo\u00a0<\/strong> <\/p>\n<\/div>\n<p><br \/>\n<br \/><a href=\"https:\/\/diariodobrasilnoticias.com.br\/noticia\/funcionarios-do-tesouro-realizam-protesto-contra-o-reajuste-salarial-66fee5cb9b069\">Source link <\/a><\/p>","protected":false},"excerpt":{"rendered":"<p>Funcion\u00e1rios p\u00fablicos do Tesouro Nacional protestaram nesta quinta-feira (3) durante a apresenta\u00e7\u00e3o dos dados do resultado prim\u00e1rio do governo federal, na sede do Minist\u00e9rio da Fazenda. Na ocasi\u00e3o, eles usaram&hellip;<\/p>","protected":false},"author":1,"featured_media":44556,"comment_status":"closed","ping_status":"open","sticky":false,"template":"","format":"standard","meta":{"content-type":"","footnotes":""},"categories":[16],"tags":[123,2448,5313,1267],"class_list":["post-44555","post","type-post","status-publish","format-standard","has-post-thumbnail","hentry","category-noticias","tag-brasil","tag-diario","tag-noticia","tag-noticias"],"_links":{"self":[{"href":"https:\/\/tvbrazilusa.com\/pt\/wp-json\/wp\/v2\/posts\/44555","targetHints":{"allow":["GET"]}}],"collection":[{"href":"https:\/\/tvbrazilusa.com\/pt\/wp-json\/wp\/v2\/posts"}],"about":[{"href":"https:\/\/tvbrazilusa.com\/pt\/wp-json\/wp\/v2\/types\/post"}],"author":[{"embeddable":true,"href":"https:\/\/tvbrazilusa.com\/pt\/wp-json\/wp\/v2\/users\/1"}],"replies":[{"embeddable":true,"href":"https:\/\/tvbrazilusa.com\/pt\/wp-json\/wp\/v2\/comments?post=44555"}],"version-history":[{"count":1,"href":"https:\/\/tvbrazilusa.com\/pt\/wp-json\/wp\/v2\/posts\/44555\/revisions"}],"predecessor-version":[{"id":44557,"href":"https:\/\/tvbrazilusa.com\/pt\/wp-json\/wp\/v2\/posts\/44555\/revisions\/44557"}],"wp:featuredmedia":[{"embeddable":true,"href":"https:\/\/tvbrazilusa.com\/pt\/wp-json\/wp\/v2\/media\/44556"}],"wp:attachment":[{"href":"https:\/\/tvbrazilusa.com\/pt\/wp-json\/wp\/v2\/media?parent=44555"}],"wp:term":[{"taxonomy":"category","embeddable":true,"href":"https:\/\/tvbrazilusa.com\/pt\/wp-json\/wp\/v2\/categories?post=44555"},{"taxonomy":"post_tag","embeddable":true,"href":"https:\/\/tvbrazilusa.com\/pt\/wp-json\/wp\/v2\/tags?post=44555"}],"curies":[{"name":"wp","href":"https:\/\/api.w.org\/{rel}","templated":true}]}}