{"id":44575,"date":"2024-10-03T23:13:35","date_gmt":"2024-10-03T23:13:35","guid":{"rendered":"https:\/\/tvbrazilusa.com\/2024\/10\/03\/pgr-pede-arquivamento-do-inquerito-contra-braga-e-calheiros-paulo-figueiredo\/"},"modified":"2024-10-03T23:25:16","modified_gmt":"2024-10-03T23:25:16","slug":"pgr-pede-arquivamento-do-inquerito-contra-braga-e-calheiros-paulo-figueiredo","status":"publish","type":"post","link":"https:\/\/tvbrazilusa.com\/pt\/2024\/10\/03\/pgr-pede-arquivamento-do-inquerito-contra-braga-e-calheiros-paulo-figueiredo\/","title":{"rendered":"PGR pede arquivamento do inqu\u00e9rito contra Braga e Calheiros &#8211; Paulo Figueiredo"},"content":{"rendered":"<p> <script async src=\"https:\/\/pagead2.googlesyndication.com\/pagead\/js\/adsbygoogle.js?client=ca-pub-8864793242727901\"\r\n     crossorigin=\"anonymous\"><\/script><br \/>\n<\/p>\n<div id=\"wtr-content\" data-bg=\"#FFFFFF\" data-fg=\"#006d91\" data-width=\"25\" data-mute=\"1\" data-fgopacity=\"1.00\" data-mutedopacity=\"0.5\" data-placement=\"bottom\" data-placement-offset=\"0\" data-content-offset=\"262\" data-placement-touch=\"bottom\" data-placement-offset-touch=\"0\" data-transparent=\"\" data-shadow=\"0\" data-touch=\"1\" data-non-touch=\"1\" data-comments=\"0\" data-commentsbg=\"transparent\" data-location=\"page\" data-mutedfg=\"#006d91\" data-endfg=\"#006d91\" data-rtl=\"\">\n<h3 class=\"wp-block-heading\">\u00d3rg\u00e3o diz que n\u00e3o h\u00e1 provas suficientes contra os 2 senadores; s\u00e3o acusados de corrup\u00e7\u00e3o passiva e lavagem de dinheiro<\/h3>\n<p>A PGR (Procuradoria Geral da Rep\u00fablica) pediu o arquivamento nesta 5\u00aa feira (3.out.2024) da investiga\u00e7\u00e3o contra os senadores\u00a0Renan Calheiros\u00a0(MDB-AL) e\u00a0Eduardo Braga\u00a0(MDB-AM). O procurador-geral da Rep\u00fablica, Paulo Gonet, entendeu que n\u00e3o h\u00e1 provas suficientes contra os 2.<\/p>\n<p>Os congressistas\u00a0foram indiciados\u00a0pela PF (Pol\u00edcia Federal) em 20 de setembro por suposta cobran\u00e7a de propina para favorecer o antigo grupo Hypermarcas (atual Hypera Pharma), do ramo farmac\u00eautico. S\u00e3o acusados de corrup\u00e7\u00e3o passiva, lavagem de dinheiro e organiza\u00e7\u00e3o criminosa.<\/p>\n<p><em>\u201cA hip\u00f3tese criminal \u00e9 informada somente pelas declara\u00e7\u00f5es dos colaboradores, sem corrobora\u00e7\u00e3o nos demais elementos informativos coligidos ao apurat\u00f3rio\u201d<\/em>, diz a PGR.<\/p>\n<p>Renan e Braga t\u00eam mandato no Senado at\u00e9 o fim de 2026. Por isso, os casos tramitam na PGR. O ex-senador\u00a0Romero Juc\u00e1\u00a0(MDB-RR) tamb\u00e9m foi indiciado pela PF, portanto, a investiga\u00e7\u00e3o corre em 1\u00aa inst\u00e2ncia, visto que ele n\u00e3o possui foro privilegiado por ter perdido as elei\u00e7\u00f5es em 2018 e 2022.<\/p>\n<p>O filho de Renan \u00e9 ministro dos Transportes do governo Lula, enquanto Eduardo Braga \u00e9 o relator da regulamenta\u00e7\u00e3o da reforma tribut\u00e1ria no Senado.<\/p>\n<p>O caso tramita h\u00e1 6 anos sob sigilo. A investiga\u00e7\u00e3o come\u00e7ou como um desdobramento da Lava Jato em 2018. O relat\u00f3rio foi enviado ao STF (Supremo Tribunal Federal) em agosto. O relator Edson Fachin encaminhou o material \u00e0 PGR (Procuradoria Geral da Rep\u00fablica.<\/p>\n<p><strong><a href=\"https:\/\/www.poder360.com.br\/poder-congresso\/pgr-pede-arquivamento-do-inquerito-contra-braga-e-calheiros\/\">Source link<\/a><\/strong><\/p>\n<\/div>\n<p><br \/>\n<br \/><a href=\"https:\/\/paulofigueiredoshow.com\/pgr-pede-arquivamento-do-inquerito-contra-braga-e-calheiros\/\">Source link <\/a><\/p>","protected":false},"excerpt":{"rendered":"<p>\u00d3rg\u00e3o diz que n\u00e3o h\u00e1 provas suficientes contra os 2 senadores; s\u00e3o acusados de corrup\u00e7\u00e3o passiva e lavagem de dinheiro A PGR (Procuradoria Geral da Rep\u00fablica) pediu o arquivamento nesta&hellip;<\/p>","protected":false},"author":1,"featured_media":44576,"comment_status":"closed","ping_status":"open","sticky":false,"template":"","format":"standard","meta":{"content-type":"","footnotes":""},"categories":[16],"tags":[],"class_list":["post-44575","post","type-post","status-publish","format-standard","has-post-thumbnail","hentry","category-noticias"],"_links":{"self":[{"href":"https:\/\/tvbrazilusa.com\/pt\/wp-json\/wp\/v2\/posts\/44575","targetHints":{"allow":["GET"]}}],"collection":[{"href":"https:\/\/tvbrazilusa.com\/pt\/wp-json\/wp\/v2\/posts"}],"about":[{"href":"https:\/\/tvbrazilusa.com\/pt\/wp-json\/wp\/v2\/types\/post"}],"author":[{"embeddable":true,"href":"https:\/\/tvbrazilusa.com\/pt\/wp-json\/wp\/v2\/users\/1"}],"replies":[{"embeddable":true,"href":"https:\/\/tvbrazilusa.com\/pt\/wp-json\/wp\/v2\/comments?post=44575"}],"version-history":[{"count":1,"href":"https:\/\/tvbrazilusa.com\/pt\/wp-json\/wp\/v2\/posts\/44575\/revisions"}],"predecessor-version":[{"id":44577,"href":"https:\/\/tvbrazilusa.com\/pt\/wp-json\/wp\/v2\/posts\/44575\/revisions\/44577"}],"wp:featuredmedia":[{"embeddable":true,"href":"https:\/\/tvbrazilusa.com\/pt\/wp-json\/wp\/v2\/media\/44576"}],"wp:attachment":[{"href":"https:\/\/tvbrazilusa.com\/pt\/wp-json\/wp\/v2\/media?parent=44575"}],"wp:term":[{"taxonomy":"category","embeddable":true,"href":"https:\/\/tvbrazilusa.com\/pt\/wp-json\/wp\/v2\/categories?post=44575"},{"taxonomy":"post_tag","embeddable":true,"href":"https:\/\/tvbrazilusa.com\/pt\/wp-json\/wp\/v2\/tags?post=44575"}],"curies":[{"name":"wp","href":"https:\/\/api.w.org\/{rel}","templated":true}]}}