{"id":44578,"date":"2024-10-03T23:39:48","date_gmt":"2024-10-03T23:39:48","guid":{"rendered":"https:\/\/tvbrazilusa.com\/2024\/10\/03\/incendio-atinge-o-edificio-copan-no-centro-de-sao-paulo\/"},"modified":"2024-10-03T23:39:49","modified_gmt":"2024-10-03T23:39:49","slug":"incendio-atinge-o-edificio-copan-no-centro-de-sao-paulo","status":"publish","type":"post","link":"https:\/\/tvbrazilusa.com\/pt\/2024\/10\/03\/incendio-atinge-o-edificio-copan-no-centro-de-sao-paulo\/","title":{"rendered":"Inc\u00eandio atinge o Edif\u00edcio Copan, no centro de S\u00e3o Paulo"},"content":{"rendered":"<p> <script async src=\"https:\/\/pagead2.googlesyndication.com\/pagead\/js\/adsbygoogle.js?client=ca-pub-8864793242727901\"\r\n     crossorigin=\"anonymous\"><\/script><br \/>\n<\/p>\n<div id=\"taboola-read-more\" style=\"display:block; width:100%\">\n<p>Na tarde desta quinta-feira, 3, um inc\u00eandio atingiu o Edif\u00edcio Copan, na Rep\u00fablica, regi\u00e3o central de S\u00e3o Paulo. O Corpo de Bombeiros foi acionado por volta das 16 horas, e a corpora\u00e7\u00e3o mobilizou sete equipes para combater o fogo.\n<\/p>\n<p dir=\"ltr\">De acordo com o jornal\u00a0<em dir=\"ltr\">Folha de S.Paulo<\/em>, o inc\u00eandio come\u00e7ou em um dos apartamentos do pr\u00e9dio, mas detalhes adicionais ainda n\u00e3o foram divulgados. Relatos de moradores sugerem que o fogo teve in\u00edcio quando um morador acidentalmente deixou um pano de prato pegar fogo.<\/p>\n<p dir=\"ltr\">\u00a0\n<\/p>\n<p dir=\"ltr\">Judson Sales, administrador respons\u00e1vel por loca\u00e7\u00f5es de apartamentos do Copan pela plataforma Airbnb, informou \u00e0\u00a0<em dir=\"ltr\">Folha<\/em>\u00a0que uma funcion\u00e1ria relatou que o inc\u00eandio come\u00e7ou entre os blocos D e E do edif\u00edcio.\n<\/p>\n<p dir=\"ltr\">\u00a0\n<\/p>\n<p>Segundo Sales, o bloco D \u00e9 destinado aos apartamentos dos moradores, enquanto o bloco E abriga quitinetes. Em resposta ao incidente, todo o edif\u00edcio foi evacuado para garantir a seguran\u00e7a dos moradores.\n<\/p>\n<p>De acordo com o Corpo de Bombeiros, o inc\u00eandio foi controlado por volta das 16h50.\n<\/p>\n<p><strong>O Copan<\/strong>\n<\/p>\n<p>O Edif\u00edcio Copan \u00e9 uma das obras mais ic\u00f4nicas da arquitetura brasileira. Projetado por Oscar Niemeyer e inaugurado em 1966, o edif\u00edcio destaca-se por suas formas onduladas, que desafiam a geometria tradicional dos arranha-c\u00e9us urbanos.\n<\/p>\n<p>O edif\u00edcio tem 115 metros de altura e 1,6 mil apartamentos distribu\u00eddos em 32 andares. O Copan funciona como uma cidade vertical, que abriga milhares de moradores de diferentes perfis socioecon\u00f4micos.\n<\/p>\n<p>Al\u00e9m de seu tamanho, o edif\u00edcio \u00e9 conhecido como uma op\u00e7\u00e3o cultural na cidade. Sua arquitetura moderna reflete a criatividade de Niemeyer, que buscou integrar o edif\u00edcio ao contexto urbano, criando uma obra aberta e acess\u00edvel. O t\u00e9rreo do Copan \u00e9 um espa\u00e7o repleto de lojas, restaurantes e servi\u00e7os que atendem tanto aos moradores quanto ao p\u00fablico externo.\n<\/p>\n<p><strong>Revista Oeste\u00a0<\/strong><\/p>\n<figure><picture><source srcset=\"https:\/\/medias.revistaoeste.com\/wp-content\/uploads\/2024\/10\/Rua-interditada.jpg.webp 1440w, https:\/\/medias.revistaoeste.com\/wp-content\/uploads\/2024\/10\/Rua-interditada-240x300.jpg.webp 240w, https:\/\/medias.revistaoeste.com\/wp-content\/uploads\/2024\/10\/Rua-interditada-150x188.jpg.webp 150w\" type=\"image\/webp\" data-srcset=\"https:\/\/medias.revistaoeste.com\/wp-content\/uploads\/2024\/10\/Rua-interditada.jpg.webp 1440w, https:\/\/medias.revistaoeste.com\/wp-content\/uploads\/2024\/10\/Rua-interditada-240x300.jpg.webp 240w, https:\/\/medias.revistaoeste.com\/wp-content\/uploads\/2024\/10\/Rua-interditada-150x188.jpg.webp 150w\" data-sizes=\"(max-width: 1440px) 100vw, 1440px\"\/><\/picture><\/figure>\n<\/p>\n<\/div>\n<p><br \/>\n<br \/><a href=\"https:\/\/diariodobrasilnoticias.com.br\/noticia\/incendio-atinge-o-edificio-copan-no-centro-de-sao-paulo-66ff0a567cbd6\">Source link <\/a><\/p>","protected":false},"excerpt":{"rendered":"<p>Na tarde desta quinta-feira, 3, um inc\u00eandio atingiu o Edif\u00edcio Copan, na Rep\u00fablica, regi\u00e3o central de S\u00e3o Paulo. O Corpo de Bombeiros foi acionado por volta das 16 horas, e&hellip;<\/p>","protected":false},"author":1,"featured_media":44579,"comment_status":"closed","ping_status":"open","sticky":false,"template":"","format":"standard","meta":{"content-type":"","footnotes":""},"categories":[16],"tags":[123,2448,5313,1267],"class_list":["post-44578","post","type-post","status-publish","format-standard","has-post-thumbnail","hentry","category-noticias","tag-brasil","tag-diario","tag-noticia","tag-noticias"],"_links":{"self":[{"href":"https:\/\/tvbrazilusa.com\/pt\/wp-json\/wp\/v2\/posts\/44578","targetHints":{"allow":["GET"]}}],"collection":[{"href":"https:\/\/tvbrazilusa.com\/pt\/wp-json\/wp\/v2\/posts"}],"about":[{"href":"https:\/\/tvbrazilusa.com\/pt\/wp-json\/wp\/v2\/types\/post"}],"author":[{"embeddable":true,"href":"https:\/\/tvbrazilusa.com\/pt\/wp-json\/wp\/v2\/users\/1"}],"replies":[{"embeddable":true,"href":"https:\/\/tvbrazilusa.com\/pt\/wp-json\/wp\/v2\/comments?post=44578"}],"version-history":[{"count":1,"href":"https:\/\/tvbrazilusa.com\/pt\/wp-json\/wp\/v2\/posts\/44578\/revisions"}],"predecessor-version":[{"id":44580,"href":"https:\/\/tvbrazilusa.com\/pt\/wp-json\/wp\/v2\/posts\/44578\/revisions\/44580"}],"wp:featuredmedia":[{"embeddable":true,"href":"https:\/\/tvbrazilusa.com\/pt\/wp-json\/wp\/v2\/media\/44579"}],"wp:attachment":[{"href":"https:\/\/tvbrazilusa.com\/pt\/wp-json\/wp\/v2\/media?parent=44578"}],"wp:term":[{"taxonomy":"category","embeddable":true,"href":"https:\/\/tvbrazilusa.com\/pt\/wp-json\/wp\/v2\/categories?post=44578"},{"taxonomy":"post_tag","embeddable":true,"href":"https:\/\/tvbrazilusa.com\/pt\/wp-json\/wp\/v2\/tags?post=44578"}],"curies":[{"name":"wp","href":"https:\/\/api.w.org\/{rel}","templated":true}]}}