{"id":44615,"date":"2024-10-04T01:20:19","date_gmt":"2024-10-04T01:20:19","guid":{"rendered":"https:\/\/tvbrazilusa.com\/2024\/10\/04\/maioria-do-stf-admite-novo-juri-apos-absolvicao-por-clemencia-paulo-figueiredo\/"},"modified":"2024-10-04T01:28:13","modified_gmt":"2024-10-04T01:28:13","slug":"maioria-do-stf-admite-novo-juri-apos-absolvicao-por-clemencia-paulo-figueiredo","status":"publish","type":"post","link":"https:\/\/tvbrazilusa.com\/pt\/2024\/10\/04\/maioria-do-stf-admite-novo-juri-apos-absolvicao-por-clemencia-paulo-figueiredo\/","title":{"rendered":"Maioria do STF admite novo j\u00fari ap\u00f3s absolvi\u00e7\u00e3o por clem\u00eancia &#8211; Paulo Figueiredo"},"content":{"rendered":"<p> <script async src=\"https:\/\/pagead2.googlesyndication.com\/pagead\/js\/adsbygoogle.js?client=ca-pub-8864793242727901\"\r\n     crossorigin=\"anonymous\"><\/script><br \/>\n<\/p>\n<div id=\"wtr-content\" data-bg=\"#FFFFFF\" data-fg=\"#006d91\" data-width=\"25\" data-mute=\"1\" data-fgopacity=\"1.00\" data-mutedopacity=\"0.5\" data-placement=\"bottom\" data-placement-offset=\"0\" data-content-offset=\"262\" data-placement-touch=\"bottom\" data-placement-offset-touch=\"0\" data-transparent=\"\" data-shadow=\"0\" data-touch=\"1\" data-non-touch=\"1\" data-comments=\"0\" data-commentsbg=\"transparent\" data-location=\"page\" data-mutedfg=\"#006d91\" data-endfg=\"#006d91\" data-rtl=\"\">\n<h3 class=\"wp-block-heading\">STF reconheceu a possibilidade de novo julgamento caso o j\u00fari absolva o r\u00e9u, em sentido contr\u00e1rio \u00e0 prova, por \u201cclem\u00eancia\u201d ou \u201ccompaix\u00e3o\u201d.<\/h3>\n<p>O\u00a0Supremo Tribunal Federal\u00a0(STF) reconheceu, por maioria de votos, que tribunais da segunda inst\u00e2ncia podem solicitar um novo julgamento caso o j\u00fari popular absolva um r\u00e9u, em sentido contr\u00e1rio \u00e0 prova dos autos, por \u201cclem\u00eancia, piedade ou compaix\u00e3o\u201d.<\/p>\n<p>Os ministros ainda n\u00e3o chegaram a um consenso sobre a tese que ter\u00e1 repercuss\u00e3o geral. Ou seja, a determina\u00e7\u00e3o do Supremo dever\u00e1 ser aplicada pelas inst\u00e2ncias inferiores do Judici\u00e1rio em casos semelhantes.<\/p>\n<p>O julgamento foi suspenso e ser\u00e1 retomado em data a ser definida. O placar ficou em 7 votos a 4. A an\u00e1lise do caso concreto come\u00e7ou no plen\u00e1rio virtual, mas foi transferida para o plen\u00e1rio f\u00edsico ap\u00f3s um pedido de destaque do ministro Alexandre de Moraes.<\/p>\n<p>Com isso, o julgamento recome\u00e7ou do zero e apenas o voto do ministro aposentado Celso de Mello foi mantido. Prevaleceu o entendimento do ministro Edson Fachin, que defendeu a possibilidade da realiza\u00e7\u00e3o de um novo j\u00fari popular.<\/p>\n<p>\u201c\u00c9 compat\u00edvel com a garantia da soberania dos vereditos do Tribunal do J\u00fari a decis\u00e3o do Tribunal de Justi\u00e7a que anula a absolvi\u00e7\u00e3o fundada em quesito gen\u00e9rico, desde que inexistam provas que corroborem a tese da defesa ou desde que seja concedida clem\u00eancia a casos que, por ordem constitucional, s\u00e3o insuscet\u00edveis de gra\u00e7a ou anistia\u201d, diz a tese proposta por Fachin.<\/p>\n<p>Acompanharam o voto os ministros Alexandre de Moraes, Fl\u00e1vio Dino, C\u00e1rmen L\u00facia, Dias Toffoli, Luiz Fux e o presidente do STF, Roberto Barroso.<\/p>\n<p>Moraes prop\u00f4s que a tese tamb\u00e9m estabele\u00e7a que \u201c\u00e9 cab\u00edvel recurso de apela\u00e7\u00e3o com base no art. 593, III, d, do C\u00f3digo de Processo Penal, nas hip\u00f3teses em que a decis\u00e3o do tribunal do j\u00fari, amparada em quesito gen\u00e9rico, revelar-se manifestamente contr\u00e1ria \u00e0 prova dos autos\u201d.<\/p>\n<h3 class=\"wp-block-heading\">Relator defendeu soberania do j\u00fari<\/h3>\n<p>O relator do caso, ministro Gilmar Mendes, considerou que a substitui\u00e7\u00e3o da decis\u00e3o dos jurados por outra de um colegiado de magistrados esvaziaria a soberania do tribunal popular. Seguiram o voto do relator os ministros Celso de Mello, Cristiano Zanin e Andr\u00e9 Mendon\u00e7a.<\/p>\n<p>Em nota, o STF informou que Zanin e Mendon\u00e7a consideraram que n\u00e3o \u00e9 poss\u00edvel permitir um segundo j\u00fari nessas circunst\u00e2ncias, pois a absolvi\u00e7\u00e3o movida por compaix\u00e3o n\u00e3o diz respeito \u00e0 prova dos autos, mas ao sentimento do jurado em rela\u00e7\u00e3o ao r\u00e9u.<\/p>\n<p>Essa corrente\u00a0<strong>admite possibilidade de recurso<\/strong>\u00a0somente quando a absolvi\u00e7\u00e3o acontecer ap\u00f3s pedido de clem\u00eancia em casos de homofobia, racismo ou com a utiliza\u00e7\u00e3o da tese da leg\u00edtima defesa da honra, considerada inconstitucional pelo STF durante o julgamento da Argui\u00e7\u00e3o de Descumprimento de Preceito Fundamental (ADPF) 779, em 2023.<\/p>\n<h3 class=\"wp-block-heading\">Absolvi\u00e7\u00e3o por quesito gen\u00e9rico<\/h3>\n<p>O C\u00f3digo de Processo Penal (CPP) prev\u00ea que os jurados devem responder a tr\u00eas perguntas: se houve o crime, quem foi o autor e se o acusado deve ser absolvido. A absolvi\u00e7\u00e3o por quesito gen\u00e9rico, tamb\u00e9m chamada de absolvi\u00e7\u00e3o por clem\u00eancia, ocorre quando o j\u00fari responde afirmativamente \u00e0 terceira pergunta. O jurado n\u00e3o precisa apresentar uma motiva\u00e7\u00e3o para sua resposta.<\/p>\n<p>Neste caso, a absolvi\u00e7\u00e3o \u00e9 poss\u00edvel mesmo que as provas contidas no processo indiquem culpa ou quando o r\u00e9u tenha reconhecido a ocorr\u00eancia e a autoria do delito. A Constitui\u00e7\u00e3o estabelece a soberania do j\u00fari popular para garantir a independ\u00eancia das decis\u00f5es populares e assegurar que a an\u00e1lise dos fatos fique a cargo da sociedade.<\/p>\n<p>No caso concreto, o STF analisou um Recurso Extraordin\u00e1rio com Agravo (RE) apresentado pelo Minist\u00e9rio P\u00fablico de Minas Gerais contra a decis\u00e3o de um j\u00fari que absolveu um homem, mesmo reconhecendo que ele havia cometido tentativa de homic\u00eddio.<\/p>\n<p>Os jurados consideraram que a v\u00edtima teria sido respons\u00e1vel pelo homic\u00eddio do enteado do homem que estava sendo julgado. O Tribunal de Justi\u00e7a de Minas Gerais (TJ-MG), com base na soberania do j\u00fari, negou o recurso de apela\u00e7\u00e3o do MP-MG, que recorreu.<\/p>\n<h3 class=\"wp-block-heading\">Pris\u00e3o imediata<\/h3>\n<p>No m\u00eas passado, o Supremo determinou a\u00a0execu\u00e7\u00e3o imediata da pena para pessoas condenadas por homic\u00eddio ap\u00f3s o veredicto do j\u00fari. Na ocasi\u00e3o, a maioria dos ministros entendeu que a soberania do Conselho de Senten\u00e7a \u201cautoriza a imediata execu\u00e7\u00e3o de condena\u00e7\u00e3o imposta pelo corpo de jurados, independentemente do total da pena aplicada\u201d. Na pr\u00e1tica, o homicida poder\u00e1 ir para a pris\u00e3o logo ap\u00f3s o julgamento.<\/p>\n<p><strong><a href=\"https:\/\/www.gazetadopovo.com.br\/republica\/maioria-do-stf-admite-novo-juri-em-caso-de-absolvicao-de-reu-por-clemencia\/\">Source link<\/a><\/strong><\/p>\n<\/div>\n<p><br \/>\n<br \/><a href=\"https:\/\/paulofigueiredoshow.com\/maioria-do-stf-admite-novo-juri-apos-absolvicao-por-clemencia\/\">Source link <\/a><\/p>","protected":false},"excerpt":{"rendered":"<p>STF reconheceu a possibilidade de novo julgamento caso o j\u00fari absolva o r\u00e9u, em sentido contr\u00e1rio \u00e0 prova, por \u201cclem\u00eancia\u201d ou \u201ccompaix\u00e3o\u201d. O\u00a0Supremo Tribunal Federal\u00a0(STF) reconheceu, por maioria de votos,&hellip;<\/p>","protected":false},"author":1,"featured_media":34472,"comment_status":"closed","ping_status":"open","sticky":false,"template":"","format":"standard","meta":{"content-type":"","footnotes":""},"categories":[16],"tags":[],"class_list":["post-44615","post","type-post","status-publish","format-standard","has-post-thumbnail","hentry","category-noticias"],"_links":{"self":[{"href":"https:\/\/tvbrazilusa.com\/pt\/wp-json\/wp\/v2\/posts\/44615","targetHints":{"allow":["GET"]}}],"collection":[{"href":"https:\/\/tvbrazilusa.com\/pt\/wp-json\/wp\/v2\/posts"}],"about":[{"href":"https:\/\/tvbrazilusa.com\/pt\/wp-json\/wp\/v2\/types\/post"}],"author":[{"embeddable":true,"href":"https:\/\/tvbrazilusa.com\/pt\/wp-json\/wp\/v2\/users\/1"}],"replies":[{"embeddable":true,"href":"https:\/\/tvbrazilusa.com\/pt\/wp-json\/wp\/v2\/comments?post=44615"}],"version-history":[{"count":1,"href":"https:\/\/tvbrazilusa.com\/pt\/wp-json\/wp\/v2\/posts\/44615\/revisions"}],"predecessor-version":[{"id":44616,"href":"https:\/\/tvbrazilusa.com\/pt\/wp-json\/wp\/v2\/posts\/44615\/revisions\/44616"}],"wp:featuredmedia":[{"embeddable":true,"href":"https:\/\/tvbrazilusa.com\/pt\/wp-json\/wp\/v2\/media\/34472"}],"wp:attachment":[{"href":"https:\/\/tvbrazilusa.com\/pt\/wp-json\/wp\/v2\/media?parent=44615"}],"wp:term":[{"taxonomy":"category","embeddable":true,"href":"https:\/\/tvbrazilusa.com\/pt\/wp-json\/wp\/v2\/categories?post=44615"},{"taxonomy":"post_tag","embeddable":true,"href":"https:\/\/tvbrazilusa.com\/pt\/wp-json\/wp\/v2\/tags?post=44615"}],"curies":[{"name":"wp","href":"https:\/\/api.w.org\/{rel}","templated":true}]}}