{"id":44645,"date":"2024-10-04T03:32:47","date_gmt":"2024-10-04T03:32:47","guid":{"rendered":"https:\/\/tvbrazilusa.com\/2024\/10\/04\/candidato-a-vereador-nao-atropelou-petista-e-disse-ter-sido-atacado-e-petista-pulou-no-capo-de-seu-carro-veja-video\/"},"modified":"2024-10-04T03:32:49","modified_gmt":"2024-10-04T03:32:49","slug":"candidato-a-vereador-nao-atropelou-petista-e-disse-ter-sido-atacado-e-petista-pulou-no-capo-de-seu-carro-veja-video","status":"publish","type":"post","link":"https:\/\/tvbrazilusa.com\/pt\/2024\/10\/04\/candidato-a-vereador-nao-atropelou-petista-e-disse-ter-sido-atacado-e-petista-pulou-no-capo-de-seu-carro-veja-video\/","title":{"rendered":"Candidato a vereador n\u00e3o atropelou petista e disse ter sido atacado e petista pulou no cap\u00f4 de seu carro, VEJA V\u00cdDEO"},"content":{"rendered":"<p> <script async src=\"https:\/\/pagead2.googlesyndication.com\/pagead\/js\/adsbygoogle.js?client=ca-pub-8864793242727901\"\r\n     crossorigin=\"anonymous\"><\/script><br \/>\n<\/p>\n<div>\n<figure class=\"post-image\">\n<\/figure>\n<p><span style=\"font-size: 12px\">Metr\u00f3poles<\/span><\/p>\n<div id=\"taboola-read-more\" style=\"display:block; width:100%\">\n<p>O candidato a vereador pelo PL que arrastou\u00a0um militante do PT em Aracaj\u00fa (SE), na noite dessa quarta-feira (2\/10), usou as redes sociais para se pronunciar a respeito do epis\u00f3dio. O petista, Charles Belchior, est\u00e1 internado.\n<\/p>\n<p>Em v\u00eddeo, o candidato Fl\u00e1vio da Direita Sergipana afirma que compareceu \u00e0 carreata petista portando uma carteira de trabalho, em um gesto simb\u00f3lico de cr\u00edtica \u00e0s pol\u00edticas trabalhistas do PT. Ap\u00f3s exibir o documento, disse ele, seu carro teria sido cercado pelos militantes.<\/p>\n<p>Fl\u00e1vio afirma que Charles Belchior \u201csubiu no cap\u00f4\u201d do carro para impedir a sua sa\u00edda do local. \u201cVieram para cima da gente, covardemente\u201d. O candidato a vereador tamb\u00e9m registrou um boletim de ocorr\u00eancia.\n<\/p>\n<p>Em nota, Fl\u00e1vio da Direita Sergipana declarou que n\u00e3o se deixar\u00e1 intimidar por atos de vi0l\u00eancia e que continuar\u00e1 sua campanha com a mesma determina\u00e7\u00e3o. A equipe do candidato ainda est\u00e1 apurando os danos causados ao ve\u00edculo e \u00e0 integridade de seus membros.\n<\/p>\n<p>A Secretaria de Seguran\u00e7a P\u00fablica de Sergipe, em nota, afirma que instaurou inqu\u00e9rito policial para investigar as circunst\u00e2ncias em que um militante do Partido dos Trabalhadores (PT) foi atrop3lado. \u201cTestemunhas ser\u00e3o convocadas para prestar depoimento na DHPP, que tamb\u00e9m coletar\u00e1 laudos m\u00e9dicos, per\u00edcias e imagens de c\u00e2meras de seguran\u00e7a para esclarecer o ocorrido\u201d, afirma o texto.\n<\/p>\n<p><strong>Metr\u00f3poles\u00a0<\/strong> <\/p>\n<\/div>\n<div class=\"row mt-3\">\n<div class=\"col-sm-6\">\n<p><a href=\"https:\/\/chat.whatsapp.com\/GwURnmOyPiN1XheGYvCspN\" target=\"_blank\" rel=\"noopener\"><br \/>\n<img decoding=\"async\" src=\"https:\/\/diariodobrasilnoticias.com.br\/assets-site\/images\/bot_whatsapp.png\"\/><\/a>\n<\/div>\n<div class=\"col-sm-6\">\n<a href=\"https:\/\/t.me\/+_4gTmi5LKo03OTM5\" target=\"_blank\" rel=\"noopener\"><br \/>\n<img decoding=\"async\" src=\"https:\/\/diariodobrasilnoticias.com.br\/assets-site\/images\/bot_telegram.png\"\/><\/a>\n<\/div>\n<\/div>\n<\/div>\n<p><br \/>\n<br \/><a href=\"https:\/\/diariodobrasilnoticias.com.br\/noticia\/candidato-a-vereador-nao-atropelou-petista-e-disse-ter-sido-atacado-e-petista-pulou-no-capo-de-seu-carro-veja-video-66ff21186120e\">Source link <\/a><\/p>","protected":false},"excerpt":{"rendered":"<p>Metr\u00f3poles O candidato a vereador pelo PL que arrastou\u00a0um militante do PT em Aracaj\u00fa (SE), na noite dessa quarta-feira (2\/10), usou as redes sociais para se pronunciar a respeito do&hellip;<\/p>","protected":false},"author":1,"featured_media":44646,"comment_status":"closed","ping_status":"open","sticky":false,"template":"","format":"standard","meta":{"content-type":"","footnotes":""},"categories":[16],"tags":[123,2448,5313,1267],"class_list":["post-44645","post","type-post","status-publish","format-standard","has-post-thumbnail","hentry","category-noticias","tag-brasil","tag-diario","tag-noticia","tag-noticias"],"_links":{"self":[{"href":"https:\/\/tvbrazilusa.com\/pt\/wp-json\/wp\/v2\/posts\/44645","targetHints":{"allow":["GET"]}}],"collection":[{"href":"https:\/\/tvbrazilusa.com\/pt\/wp-json\/wp\/v2\/posts"}],"about":[{"href":"https:\/\/tvbrazilusa.com\/pt\/wp-json\/wp\/v2\/types\/post"}],"author":[{"embeddable":true,"href":"https:\/\/tvbrazilusa.com\/pt\/wp-json\/wp\/v2\/users\/1"}],"replies":[{"embeddable":true,"href":"https:\/\/tvbrazilusa.com\/pt\/wp-json\/wp\/v2\/comments?post=44645"}],"version-history":[{"count":1,"href":"https:\/\/tvbrazilusa.com\/pt\/wp-json\/wp\/v2\/posts\/44645\/revisions"}],"predecessor-version":[{"id":44647,"href":"https:\/\/tvbrazilusa.com\/pt\/wp-json\/wp\/v2\/posts\/44645\/revisions\/44647"}],"wp:featuredmedia":[{"embeddable":true,"href":"https:\/\/tvbrazilusa.com\/pt\/wp-json\/wp\/v2\/media\/44646"}],"wp:attachment":[{"href":"https:\/\/tvbrazilusa.com\/pt\/wp-json\/wp\/v2\/media?parent=44645"}],"wp:term":[{"taxonomy":"category","embeddable":true,"href":"https:\/\/tvbrazilusa.com\/pt\/wp-json\/wp\/v2\/categories?post=44645"},{"taxonomy":"post_tag","embeddable":true,"href":"https:\/\/tvbrazilusa.com\/pt\/wp-json\/wp\/v2\/tags?post=44645"}],"curies":[{"name":"wp","href":"https:\/\/api.w.org\/{rel}","templated":true}]}}