{"id":44650,"date":"2024-10-04T03:57:12","date_gmt":"2024-10-04T03:57:12","guid":{"rendered":"https:\/\/tvbrazilusa.com\/2024\/10\/04\/haddad-pretende-regular-o-vale-refeicao-no-inicio-de-2025\/"},"modified":"2024-10-04T03:57:12","modified_gmt":"2024-10-04T03:57:12","slug":"haddad-pretende-regular-o-vale-refeicao-no-inicio-de-2025","status":"publish","type":"post","link":"https:\/\/tvbrazilusa.com\/pt\/2024\/10\/04\/haddad-pretende-regular-o-vale-refeicao-no-inicio-de-2025\/","title":{"rendered":"Haddad pretende regular o vale-refei\u00e7\u00e3o no in\u00edcio de 2025"},"content":{"rendered":"<p> <script async src=\"https:\/\/pagead2.googlesyndication.com\/pagead\/js\/adsbygoogle.js?client=ca-pub-8864793242727901\"\r\n     crossorigin=\"anonymous\"><\/script><br \/>\n<\/p>\n<div id=\"taboola-read-more\" style=\"display:block; width:100%\">\n<p>O ministro da Fazenda, Fernando Haddad, afirmou que deve regular o benef\u00edcio de vale-refei\u00e7\u00e3o e alimenta\u00e7\u00e3o no in\u00edcio de 2025. Al\u00e9m disso, prometeu regulamentar outras associa\u00e7\u00f5es que participam do Programa de Alimenta\u00e7\u00e3o do Trabalhador (PAT). A informa\u00e7\u00e3o \u00e9 do portal Metr\u00f3poles.\n<\/p>\n<p>Haddad promoveu as ambi\u00e7\u00f5es do governo federal durante uma reuni\u00e3o com a Associa\u00e7\u00e3o Brasileira de Bancos. Tamb\u00e9m estavam presentes na conversa representantes de outras quatro entidades:<\/p>\n<ul>\n<li>Associa\u00e7\u00e3o Nacional de Restaurantes;<\/li>\n<li>Associa\u00e7\u00e3o Brasileira de Institui\u00e7\u00f5es de Pagamentos;<\/li>\n<li>C\u00e3mara Brasileira da Economia Digital; e<\/li>\n<li>Associa\u00e7\u00e3o Zetta, de institui\u00e7\u00f5es financeiras.<\/li>\n<li\/>\n<\/ul>\n<p>De acordo com o ministro, o PAT vai passar por duas atualiza\u00e7\u00f5es. O funcionamento da portabilidade e da interoperabilidade \u2014 isto \u00e9, quando \u00e9 decidido se dois componentes de um sistema podem atuar em conjunto.\n<\/p>\n<p>A portabilidade permite que o consumidor escolha a empresa com migra\u00e7\u00e3o de forma gratuita. J\u00e1 a interoperabilidade autoriza que os estabelecimentos aceitem o vale-refei\u00e7\u00e3o e alimenta\u00e7\u00e3o de qualquer empresa, apenas com uma maquininha de cart\u00e3o.\n<\/p>\n<p>Haddad afirmou que as possibilidades da nova Lei do PAT estimulam a concorr\u00eancia do mercado. Ele tamb\u00e9m disse que haver\u00e1 uma diminui\u00e7\u00e3o nas taxas para os trabalhadores e para os restaurantes.\n<\/p>\n<h2>Haddad disse que o Brasil vai ter um crescimento de 2,5% durante o terceiro mandato do governo Lula<\/h2>\n<p>Na quarta-feira 25, Haddad afirmou que o Brasil vai ter um crescimento econ\u00f4mico de 2,5% durante a terceira gest\u00e3o do presidente Luiz In\u00e1cio Lula da Silva.\n<\/p>\n<p>O petista deu a declara\u00e7\u00e3o durante a J. Safra Brazil Conference 2024. O evento ocorreu na capital paulista.\n<\/p>\n<p dir=\"ltr\">\u201cN\u00e3o vejo raz\u00e3o para o Brasil crescer nem muito acima nem muito abaixo da m\u00e9dia mundial\u201d, afirmou Haddad. \u201cPenso que o Brasil tem todas as condi\u00e7\u00f5es de crescer acima de 2,5% nos quatro anos do mandato [<em dir=\"ltr\">presidente Lula<\/em>].\u201d\n<\/p>\n<p dir=\"ltr\">\u00a0\n<\/p>\n<p>Em 2023, o Produto Interno Bruto brasileiro cresceu 2,9%. O desempenho positivo da agropecu\u00e1ria, que teve uma supersafra, alavancou o movimento lucrativo.\n<\/p>\n<p><strong>Revista Oeste\u00a0<\/strong> <\/p>\n<\/div>\n<p><br \/>\n<br \/><a href=\"https:\/\/diariodobrasilnoticias.com.br\/noticia\/haddad-pretende-regular-o-vale-refeicao-no-inicio-de-2025-66ff1c92eb04e\">Source link <\/a><\/p>","protected":false},"excerpt":{"rendered":"<p>O ministro da Fazenda, Fernando Haddad, afirmou que deve regular o benef\u00edcio de vale-refei\u00e7\u00e3o e alimenta\u00e7\u00e3o no in\u00edcio de 2025. Al\u00e9m disso, prometeu regulamentar outras associa\u00e7\u00f5es que participam do Programa&hellip;<\/p>","protected":false},"author":1,"featured_media":44651,"comment_status":"closed","ping_status":"open","sticky":false,"template":"","format":"standard","meta":{"content-type":"","footnotes":""},"categories":[16],"tags":[123,2448,5313,1267],"class_list":["post-44650","post","type-post","status-publish","format-standard","has-post-thumbnail","hentry","category-noticias","tag-brasil","tag-diario","tag-noticia","tag-noticias"],"_links":{"self":[{"href":"https:\/\/tvbrazilusa.com\/pt\/wp-json\/wp\/v2\/posts\/44650","targetHints":{"allow":["GET"]}}],"collection":[{"href":"https:\/\/tvbrazilusa.com\/pt\/wp-json\/wp\/v2\/posts"}],"about":[{"href":"https:\/\/tvbrazilusa.com\/pt\/wp-json\/wp\/v2\/types\/post"}],"author":[{"embeddable":true,"href":"https:\/\/tvbrazilusa.com\/pt\/wp-json\/wp\/v2\/users\/1"}],"replies":[{"embeddable":true,"href":"https:\/\/tvbrazilusa.com\/pt\/wp-json\/wp\/v2\/comments?post=44650"}],"version-history":[{"count":1,"href":"https:\/\/tvbrazilusa.com\/pt\/wp-json\/wp\/v2\/posts\/44650\/revisions"}],"predecessor-version":[{"id":44652,"href":"https:\/\/tvbrazilusa.com\/pt\/wp-json\/wp\/v2\/posts\/44650\/revisions\/44652"}],"wp:featuredmedia":[{"embeddable":true,"href":"https:\/\/tvbrazilusa.com\/pt\/wp-json\/wp\/v2\/media\/44651"}],"wp:attachment":[{"href":"https:\/\/tvbrazilusa.com\/pt\/wp-json\/wp\/v2\/media?parent=44650"}],"wp:term":[{"taxonomy":"category","embeddable":true,"href":"https:\/\/tvbrazilusa.com\/pt\/wp-json\/wp\/v2\/categories?post=44650"},{"taxonomy":"post_tag","embeddable":true,"href":"https:\/\/tvbrazilusa.com\/pt\/wp-json\/wp\/v2\/tags?post=44650"}],"curies":[{"name":"wp","href":"https:\/\/api.w.org\/{rel}","templated":true}]}}