{"id":44653,"date":"2024-10-04T04:23:12","date_gmt":"2024-10-04T04:23:12","guid":{"rendered":"https:\/\/tvbrazilusa.com\/2024\/10\/04\/pgr-solicita-o-arquivamento-do-inquerito-contra-renan-calheiros\/"},"modified":"2024-10-04T04:23:14","modified_gmt":"2024-10-04T04:23:14","slug":"pgr-solicita-o-arquivamento-do-inquerito-contra-renan-calheiros","status":"publish","type":"post","link":"https:\/\/tvbrazilusa.com\/pt\/2024\/10\/04\/pgr-solicita-o-arquivamento-do-inquerito-contra-renan-calheiros\/","title":{"rendered":"PGR solicita o arquivamento do inqu\u00e9rito contra Renan Calheiros"},"content":{"rendered":"<p> <script async src=\"https:\/\/pagead2.googlesyndication.com\/pagead\/js\/adsbygoogle.js?client=ca-pub-8864793242727901\"\r\n     crossorigin=\"anonymous\"><\/script><br \/>\n<\/p>\n<div>\n<figure class=\"post-image\">\n<\/figure>\n<p><span style=\"font-size: 12px\">Foto: Geraldo Magela\/Ag\u00eancia Senado<\/span><\/p>\n<div id=\"taboola-read-more\" style=\"display:block; width:100%\">\n<p>Nesta quinta-feira (3), a Procuradoria-Geral da Rep\u00fablica (PGR) pediu o arquivamento de um inqu\u00e9rito que tem como alvos os senadores Renan Calheiros (MDB-AL) e Eduardo Braga (MDB-AM). Ambos foram indiciados pela Pol\u00edcia Federal (PF) por suposta cobran\u00e7a de propina para fornecer um grupo farmac\u00eautico, o Hypera Pharma.\n<\/p>\n<p>A PF apontou os crimes de corrup\u00e7\u00e3o passiva, lavagem de dinheiro e organiza\u00e7\u00e3o criminosa. Ao pedir o arquivamento da investiga\u00e7\u00e3o, no entanto, o procurador-geral da Rep\u00fablica, Paulo Gonet, disse que n\u00e3o havia provas suficientes contra os senadores.<\/p>\n<p>\u2013 A hip\u00f3tese criminal \u00e9 informada somente pelas declara\u00e7\u00f5es dos colaboradores, sem corrobora\u00e7\u00e3o nos demais elementos informativos coligidos ao apurat\u00f3rio \u2013 disse no pedido.\n<\/p>\n<p>\u00a0<\/p>\n<p>Al\u00e9m de Calheiros e Braga, tamb\u00e9m \u00e9 alvo do inqu\u00e9rito o ex-senador Romero Juc\u00e1 (MDB-RR). A investiga\u00e7\u00e3o apura um suposto pagamento de propina entre 2013 e 2015 em troca de um favorecimento em vota\u00e7\u00f5es no Senado.\n<\/p>\n<p>O caso tramita sob sigilo h\u00e1 seis anos.\n<\/p>\n<p><strong>Pleno.news<\/strong> <\/p>\n<\/div>\n<div class=\"row mt-3\">\n<div class=\"col-sm-6\">\n<p><a href=\"https:\/\/chat.whatsapp.com\/GwURnmOyPiN1XheGYvCspN\" target=\"_blank\" rel=\"noopener\"><br \/>\n<img decoding=\"async\" src=\"https:\/\/diariodobrasilnoticias.com.br\/assets-site\/images\/bot_whatsapp.png\"\/><\/a>\n<\/div>\n<div class=\"col-sm-6\">\n<a href=\"https:\/\/t.me\/+_4gTmi5LKo03OTM5\" target=\"_blank\" rel=\"noopener\"><br \/>\n<img decoding=\"async\" src=\"https:\/\/diariodobrasilnoticias.com.br\/assets-site\/images\/bot_telegram.png\"\/><\/a>\n<\/div>\n<\/div>\n<\/div>\n<p><br \/>\n<br \/><a href=\"https:\/\/diariodobrasilnoticias.com.br\/noticia\/pgr-solicita-o-arquivamento-do-inquerito-contra-renan-calheiros-66ff225191c26\">Source link <\/a><\/p>","protected":false},"excerpt":{"rendered":"<p>Foto: Geraldo Magela\/Ag\u00eancia Senado Nesta quinta-feira (3), a Procuradoria-Geral da Rep\u00fablica (PGR) pediu o arquivamento de um inqu\u00e9rito que tem como alvos os senadores Renan Calheiros (MDB-AL) e Eduardo Braga&hellip;<\/p>","protected":false},"author":1,"featured_media":44654,"comment_status":"closed","ping_status":"open","sticky":false,"template":"","format":"standard","meta":{"content-type":"","footnotes":""},"categories":[16],"tags":[123,2448,5313,1267],"class_list":["post-44653","post","type-post","status-publish","format-standard","has-post-thumbnail","hentry","category-noticias","tag-brasil","tag-diario","tag-noticia","tag-noticias"],"_links":{"self":[{"href":"https:\/\/tvbrazilusa.com\/pt\/wp-json\/wp\/v2\/posts\/44653","targetHints":{"allow":["GET"]}}],"collection":[{"href":"https:\/\/tvbrazilusa.com\/pt\/wp-json\/wp\/v2\/posts"}],"about":[{"href":"https:\/\/tvbrazilusa.com\/pt\/wp-json\/wp\/v2\/types\/post"}],"author":[{"embeddable":true,"href":"https:\/\/tvbrazilusa.com\/pt\/wp-json\/wp\/v2\/users\/1"}],"replies":[{"embeddable":true,"href":"https:\/\/tvbrazilusa.com\/pt\/wp-json\/wp\/v2\/comments?post=44653"}],"version-history":[{"count":1,"href":"https:\/\/tvbrazilusa.com\/pt\/wp-json\/wp\/v2\/posts\/44653\/revisions"}],"predecessor-version":[{"id":44655,"href":"https:\/\/tvbrazilusa.com\/pt\/wp-json\/wp\/v2\/posts\/44653\/revisions\/44655"}],"wp:featuredmedia":[{"embeddable":true,"href":"https:\/\/tvbrazilusa.com\/pt\/wp-json\/wp\/v2\/media\/44654"}],"wp:attachment":[{"href":"https:\/\/tvbrazilusa.com\/pt\/wp-json\/wp\/v2\/media?parent=44653"}],"wp:term":[{"taxonomy":"category","embeddable":true,"href":"https:\/\/tvbrazilusa.com\/pt\/wp-json\/wp\/v2\/categories?post=44653"},{"taxonomy":"post_tag","embeddable":true,"href":"https:\/\/tvbrazilusa.com\/pt\/wp-json\/wp\/v2\/tags?post=44653"}],"curies":[{"name":"wp","href":"https:\/\/api.w.org\/{rel}","templated":true}]}}