{"id":44665,"date":"2024-10-04T05:24:49","date_gmt":"2024-10-04T05:24:49","guid":{"rendered":"https:\/\/tvbrazilusa.com\/2024\/10\/04\/caos-quase-20-milhoes-de-pessoas-sao-afetadas-pelos-incendios-florestais\/"},"modified":"2024-10-04T05:24:50","modified_gmt":"2024-10-04T05:24:50","slug":"caos-quase-20-milhoes-de-pessoas-sao-afetadas-pelos-incendios-florestais","status":"publish","type":"post","link":"https:\/\/tvbrazilusa.com\/pt\/2024\/10\/04\/caos-quase-20-milhoes-de-pessoas-sao-afetadas-pelos-incendios-florestais\/","title":{"rendered":"CAOS: Quase 20 milh\u00f5es de pessoas s\u00e3o afetadas pelos inc\u00eandios florestais"},"content":{"rendered":"<p> <script async src=\"https:\/\/pagead2.googlesyndication.com\/pagead\/js\/adsbygoogle.js?client=ca-pub-8864793242727901\"\r\n     crossorigin=\"anonymous\"><\/script><br \/>\n<\/p>\n<div id=\"taboola-read-more\" style=\"display:block; width:100%\">\n<p>O Brasil tem enfrentado uma crise preocupante com os inc\u00eandios florestais que afetam milhares de pessoas e causam danos econ\u00f4micos significativos. Segundo a\u00a0<strong>Confedera\u00e7\u00e3o Nacional de Munic\u00edpios (CNM)<\/strong>, at\u00e9 30 de setembro de 2024, 18,9 milh\u00f5es de brasileiros foram impactados diretamente pelos inc\u00eandios. Al\u00e9m disso, o preju\u00edzo econ\u00f4mico ultrapassou R$ 2 bilh\u00f5es, enquanto 684 cidades declararam estado de emerg\u00eancia.\n<\/p>\n<p>Os dados dispon\u00edveis, apesar de ainda parciais, j\u00e1 revelam a gravidade da situa\u00e7\u00e3o, com constantes atualiza\u00e7\u00f5es feitas pela CNM. Entre agosto e setembro de 2024, houve um aumento alarmante nos casos, comparado ao mesmo per\u00edodo do ano anterior. Este cen\u00e1rio desolador motivou 10,7 mil pessoas a deixarem suas casas, buscando abrigo em locais mais seguros.<\/p>\n<h2 class=\"wp-block-heading\">Como os inc\u00eandios florestais afetam o Brasil?<\/h2>\n<p>\u00a0<\/p>\n<p>A crescente amea\u00e7a de inc\u00eandios florestais representa uma crise multifacetada, n\u00e3o apenas de cunho ambiental, mas tamb\u00e9m social e econ\u00f4mico. Cinzas e fuma\u00e7a poluem o ar, afetando a sa\u00fade respirat\u00f3ria das popula\u00e7\u00f5es mais vulner\u00e1veis. Al\u00e9m disso, a devasta\u00e7\u00e3o ambiental compromete a biodiversidade e amea\u00e7a esp\u00e9cies, como o tuiui\u00fa, ave-s\u00edmbolo do Pantanal, que busca proteger seus ninhos em meio aos inc\u00eandios.\n<\/p>\n<p>Em termos sociais, o n\u00famero de desabrigados pode ser ainda maior, pois muitos munic\u00edpios ainda n\u00e3o relataram os dados completos. Al\u00e9m das perdas humanas, relatos confirmam que cinco pessoas perderam a vida devido \u00e0s queimadas. Comparando os nove primeiros meses de 2023, com menos de 13 mil pessoas afetadas e preju\u00edzos de R$ 36,1 milh\u00f5es, a situa\u00e7\u00e3o atual \u00e9 muito mais cr\u00edtica.\n<\/p>\n<h2 class=\"wp-block-heading\">Quais medidas est\u00e3o sendo tomadas para conter os inc\u00eandios?<\/h2>\n<p>\u00a0<\/p>\n<p>Paulo Ziulkoski, presidente da\u00a0<strong>CNM<\/strong>, destacou a necessidade do envolvimento do governo federal na mitiga\u00e7\u00e3o desses desastres. Ele defende a\u00e7\u00f5es estruturais e articuladas, considerando que cerca de 19 milh\u00f5es de pessoas foram diretamente impactadas em quase todos os estados brasileiros nos \u00faltimos meses.\n<\/p>\n<p>O combate aos inc\u00eandios demanda uma resposta coordenada, com investimentos em infraestrutura e pessoal capacitado para enfrentar situa\u00e7\u00f5es de desastre. No entanto, o panorama atual demonstra a urg\u00eancia de medidas mais eficazes para evitar que a situa\u00e7\u00e3o se agrave.\n<\/p>\n<h2 class=\"wp-block-heading\">A aprova\u00e7\u00e3o da PEC 31\/2024 pode ajudar no combate \u00e0s queimadas?<\/h2>\n<p>\u00a0<\/p>\n<p>Em meio \u00e0 crise, uma solu\u00e7\u00e3o legislativa foi proposta. Trata-se da\u00a0<strong>Proposta de Emenda Parlamentar (PEC) 31\/2024<\/strong>, que sugere o estabelecimento de organismos como o Conselho Nacional de Mudan\u00e7a Clim\u00e1tica, a Autoridade Clim\u00e1tica Nacional e o Fundo Nacional de Mudan\u00e7a Clim\u00e1tica.\n<\/p>\n<ul class=\"wp-block-list\">\n<li>O Conselho Nacional de Mudan\u00e7a Clim\u00e1tica: Promover\u00e1 pol\u00edticas para prevenir e mitigar os impactos ambientais.<\/li>\n<li>A Autoridade Clim\u00e1tica Nacional: Coordenar\u00e1 a\u00e7\u00f5es entre os governos federal, estaduais e municipais.<\/li>\n<li>Fundo Nacional de Mudan\u00e7a Clim\u00e1tica: Financiar\u00e1 iniciativas voltadas \u00e0 preserva\u00e7\u00e3o e combate a desastres naturais.<\/li>\n<\/ul>\n<p>A CNM tem empenhado esfor\u00e7os na coleta de assinaturas para impulsionar a tramita\u00e7\u00e3o da PEC no Congresso Nacional, buscando assegurar uma resposta \u00e1gil e eficaz frente aos desafios clim\u00e1ticos do Brasil.\n<\/p>\n<h2 class=\"wp-block-heading\">O que podemos esperar para o futuro do Brasil com essas medidas?<\/h2>\n<p>\u00a0<\/p>\n<p>A implementa\u00e7\u00e3o das propostas contidas na PEC 31\/2024 pode revolucionar a maneira como o Brasil lida n\u00e3o s\u00f3 com inc\u00eandios florestais, mas tamb\u00e9m com quest\u00f5es clim\u00e1ticas de modo geral. A cria\u00e7\u00e3o de um sistema mais robusto e interligado de gest\u00e3o ambiental promete tornar o pa\u00eds mais resiliente diante dos desafios que v\u00eam com as mudan\u00e7as clim\u00e1ticas.\n<\/p>\n<p>Em conversa com lideran\u00e7as da sociedade civil, Ziulkoski tem reiterado que a luta contra os inc\u00eandios \u00e9 uma a\u00e7\u00e3o coletiva. \u00c9 fundamental aumentar a conscientiza\u00e7\u00e3o p\u00fablica e o engajamento da comunidade na preven\u00e7\u00e3o de inc\u00eandios. Sem essas medidas, o Brasil continuar\u00e1 vulner\u00e1vel a trag\u00e9dias ambientais e seus impactos colaterais.\n<\/p>\n<p><strong>Terra Brasil Not\u00edcias\u00a0<\/strong> <\/p>\n<\/div>\n<p><br \/>\n<br \/><a href=\"https:\/\/diariodobrasilnoticias.com.br\/noticia\/caos-quase-20-milhoes-de-pessoas-sao-afetadas-pelos-incendios-florestais-66ff239b71ff3\">Source link <\/a><\/p>","protected":false},"excerpt":{"rendered":"<p>O Brasil tem enfrentado uma crise preocupante com os inc\u00eandios florestais que afetam milhares de pessoas e causam danos econ\u00f4micos significativos. Segundo a\u00a0Confedera\u00e7\u00e3o Nacional de Munic\u00edpios (CNM), at\u00e9 30 de&hellip;<\/p>","protected":false},"author":1,"featured_media":44666,"comment_status":"closed","ping_status":"open","sticky":false,"template":"","format":"standard","meta":{"content-type":"","footnotes":""},"categories":[16],"tags":[123,2448,5313,1267],"class_list":["post-44665","post","type-post","status-publish","format-standard","has-post-thumbnail","hentry","category-noticias","tag-brasil","tag-diario","tag-noticia","tag-noticias"],"_links":{"self":[{"href":"https:\/\/tvbrazilusa.com\/pt\/wp-json\/wp\/v2\/posts\/44665","targetHints":{"allow":["GET"]}}],"collection":[{"href":"https:\/\/tvbrazilusa.com\/pt\/wp-json\/wp\/v2\/posts"}],"about":[{"href":"https:\/\/tvbrazilusa.com\/pt\/wp-json\/wp\/v2\/types\/post"}],"author":[{"embeddable":true,"href":"https:\/\/tvbrazilusa.com\/pt\/wp-json\/wp\/v2\/users\/1"}],"replies":[{"embeddable":true,"href":"https:\/\/tvbrazilusa.com\/pt\/wp-json\/wp\/v2\/comments?post=44665"}],"version-history":[{"count":1,"href":"https:\/\/tvbrazilusa.com\/pt\/wp-json\/wp\/v2\/posts\/44665\/revisions"}],"predecessor-version":[{"id":44667,"href":"https:\/\/tvbrazilusa.com\/pt\/wp-json\/wp\/v2\/posts\/44665\/revisions\/44667"}],"wp:featuredmedia":[{"embeddable":true,"href":"https:\/\/tvbrazilusa.com\/pt\/wp-json\/wp\/v2\/media\/44666"}],"wp:attachment":[{"href":"https:\/\/tvbrazilusa.com\/pt\/wp-json\/wp\/v2\/media?parent=44665"}],"wp:term":[{"taxonomy":"category","embeddable":true,"href":"https:\/\/tvbrazilusa.com\/pt\/wp-json\/wp\/v2\/categories?post=44665"},{"taxonomy":"post_tag","embeddable":true,"href":"https:\/\/tvbrazilusa.com\/pt\/wp-json\/wp\/v2\/tags?post=44665"}],"curies":[{"name":"wp","href":"https:\/\/api.w.org\/{rel}","templated":true}]}}