{"id":44680,"date":"2024-10-04T06:47:34","date_gmt":"2024-10-04T06:47:34","guid":{"rendered":"https:\/\/tvbrazilusa.com\/2024\/10\/04\/eleicoes-24-leprevost-e-cristina-graeml-podem-alterar-o-cenario-eleitoral-impedindo-pimentel-e-ducci-de-chegarem-ao-segundo-turno-em-curitiba\/"},"modified":"2024-10-04T06:47:35","modified_gmt":"2024-10-04T06:47:35","slug":"eleicoes-24-leprevost-e-cristina-graeml-podem-alterar-o-cenario-eleitoral-impedindo-pimentel-e-ducci-de-chegarem-ao-segundo-turno-em-curitiba","status":"publish","type":"post","link":"https:\/\/tvbrazilusa.com\/pt\/2024\/10\/04\/eleicoes-24-leprevost-e-cristina-graeml-podem-alterar-o-cenario-eleitoral-impedindo-pimentel-e-ducci-de-chegarem-ao-segundo-turno-em-curitiba\/","title":{"rendered":"Elei\u00e7\u00f5es 24: Leprevost e Cristina Graeml podem alterar o cen\u00e1rio eleitoral, impedindo Pimentel e Ducci de chegarem ao segundo turno em Curitiba."},"content":{"rendered":"<p> <script async src=\"https:\/\/pagead2.googlesyndication.com\/pagead\/js\/adsbygoogle.js?client=ca-pub-8864793242727901\"\r\n     crossorigin=\"anonymous\"><\/script><br \/>\n<\/p>\n<div id=\"taboola-read-more\" style=\"display:block; width:100%\">\n<p>A disputa pela Prefeitura de Curitiba em 2024 promete ser uma das mais acirradas dos \u00faltimos anos. Tradicionalmente dominada por figuras pol\u00edticas conhecidas como o ex-prefeito Gustavo Fruet, o deputado estadual Goura, o atual prefeito Rafael Greca e os ex-prefeitos Luciano Ducci e Eduardo Pimentel, o cen\u00e1rio tem se modificado com o fortalecimento de novas candidaturas. Ney Leprevost, atual deputado estadual e ex-secret\u00e1rio de Justi\u00e7a, Fam\u00edlia e Trabalho, e a jornalista Cristina Graeml despontam como nomes capazes de abalar o equil\u00edbrio eleitoral.\n<\/p>\n<p>Leprevost, que j\u00e1 concorreu \u00e0 prefeitura em 2016 e 2020, tem uma base s\u00f3lida de apoio e um perfil que agrada tanto setores conservadores quanto progressistas. Sua atua\u00e7\u00e3o \u00e0 frente de pol\u00edticas p\u00fablicas de assist\u00eancia social e emprego durante seu per\u00edodo como secret\u00e1rio lhe rendeu reconhecimento, e sua experi\u00eancia pol\u00edtica o posiciona como um dos principais concorrentes na corrida eleitoral. Al\u00e9m disso, sua capacidade de dialogar com diferentes setores da sociedade curitibana, incluindo empres\u00e1rios, trabalhadores e movimentos sociais, lhe confere um trunfo importante na tentativa de atrair eleitores indecisos.<\/p>\n<p>\u00a0<\/p>\n<p>Por outro lado, Cristina Graeml, uma figura relativamente nova na pol\u00edtica, mas com grande visibilidade devido \u00e0 sua trajet\u00f3ria como jornalista, tamb\u00e9m pode desempenhar um papel crucial nesta elei\u00e7\u00e3o. Atuando como comentarista pol\u00edtica e reconhecida por sua postura firme em defesa de pautas conservadoras, Graeml ganhou notoriedade entre eleitores que buscam uma mudan\u00e7a no cen\u00e1rio pol\u00edtico local. Sua entrada na disputa pode mobilizar o eleitorado mais conservador, t e tirar entre nomes da esquerda como Pimentel e Ducci.\n<\/p>\n<p>O fortalecimento dessas candidaturas pode impactar diretamente os favoritos at\u00e9 ent\u00e3o. Eduardo Pimentel, atual vice-prefeito de Curitiba, conta com o apoio da m\u00e1quina municipal e o da gest\u00e3o Greca, mas enfrenta cr\u00edticas quanto \u00e0 continuidade de pol\u00edticas consideradas impopulares em determinados segmentos. J\u00e1 Luciano Ducci, ex-prefeito de Curitiba e atual deputado federal, tem dificuldade de renovar sua base eleitoral frente a novas figuras emergentes.\n<\/p>\n<p>\u00a0<\/p>\n<p>Com Leprevost e Graeml cada vez mais consolidados como alternativas vi\u00e1veis, a disputa para garantir as vagas no segundo turno pode se tornar uma batalha feroz entre os candidatos mais tradicionais e essas novas for\u00e7as pol\u00edticas. O cen\u00e1rio curitibano, antes polarizado entre Pimentel e Ducci, pode ser completamente alterado, com Ney Leprevost e Cristina Graeml surgindo como os grandes protagonistas de uma nova din\u00e2mica eleitoral.\n<\/p>\n<p>Caso esses dois nomes consigam mobilizar e consolidar o apoio de parte significativa do eleitorado, \u00e9 poss\u00edvel que a elei\u00e7\u00e3o caminhe para um segundo turno inesperado, deixando de fora candidatos que at\u00e9 ent\u00e3o eram considerados presen\u00e7as certas na fase final da disputa. Esse cen\u00e1rio refor\u00e7a a import\u00e2ncia de campanhas bem estruturadas e da capacidade de engajamento de cada candidato, com debates e propostas que consigam cativar os curitibanos em um ambiente pol\u00edtico cada vez mais incerto.\n<\/p>\n<p>\u00a0<\/p>\n<p>As pr\u00f3ximas semanas ser\u00e3o decisivas para determinar se Leprevost e Graeml conseguir\u00e3o de fato tirar Pimentel e Ducci do segundo turno, e quais ser\u00e3o os temas centrais que ir\u00e3o definir essa disputa eleitoral hist\u00f3rica em Curitiba.\n<\/p>\n<p><strong>Hora Bras\u00edlia\u00a0<\/strong> <\/p>\n<\/div>\n<p><br \/>\n<br \/><a href=\"https:\/\/diariodobrasilnoticias.com.br\/noticia\/eleicoes-24-leprevost-e-cristina-graeml-podem-alterar-o-cenario-eleitoral-impedindo-pimentel-e-ducci-de-chegarem-ao-segundo-turno-em-curitiba-66ff1a6fb6acf\">Source link <\/a><\/p>","protected":false},"excerpt":{"rendered":"<p>A disputa pela Prefeitura de Curitiba em 2024 promete ser uma das mais acirradas dos \u00faltimos anos. Tradicionalmente dominada por figuras pol\u00edticas conhecidas como o ex-prefeito Gustavo Fruet, o deputado&hellip;<\/p>","protected":false},"author":1,"featured_media":44681,"comment_status":"closed","ping_status":"open","sticky":false,"template":"","format":"standard","meta":{"content-type":"","footnotes":""},"categories":[16],"tags":[123,2448,5313,1267],"class_list":["post-44680","post","type-post","status-publish","format-standard","has-post-thumbnail","hentry","category-noticias","tag-brasil","tag-diario","tag-noticia","tag-noticias"],"_links":{"self":[{"href":"https:\/\/tvbrazilusa.com\/pt\/wp-json\/wp\/v2\/posts\/44680","targetHints":{"allow":["GET"]}}],"collection":[{"href":"https:\/\/tvbrazilusa.com\/pt\/wp-json\/wp\/v2\/posts"}],"about":[{"href":"https:\/\/tvbrazilusa.com\/pt\/wp-json\/wp\/v2\/types\/post"}],"author":[{"embeddable":true,"href":"https:\/\/tvbrazilusa.com\/pt\/wp-json\/wp\/v2\/users\/1"}],"replies":[{"embeddable":true,"href":"https:\/\/tvbrazilusa.com\/pt\/wp-json\/wp\/v2\/comments?post=44680"}],"version-history":[{"count":1,"href":"https:\/\/tvbrazilusa.com\/pt\/wp-json\/wp\/v2\/posts\/44680\/revisions"}],"predecessor-version":[{"id":44682,"href":"https:\/\/tvbrazilusa.com\/pt\/wp-json\/wp\/v2\/posts\/44680\/revisions\/44682"}],"wp:featuredmedia":[{"embeddable":true,"href":"https:\/\/tvbrazilusa.com\/pt\/wp-json\/wp\/v2\/media\/44681"}],"wp:attachment":[{"href":"https:\/\/tvbrazilusa.com\/pt\/wp-json\/wp\/v2\/media?parent=44680"}],"wp:term":[{"taxonomy":"category","embeddable":true,"href":"https:\/\/tvbrazilusa.com\/pt\/wp-json\/wp\/v2\/categories?post=44680"},{"taxonomy":"post_tag","embeddable":true,"href":"https:\/\/tvbrazilusa.com\/pt\/wp-json\/wp\/v2\/tags?post=44680"}],"curies":[{"name":"wp","href":"https:\/\/api.w.org\/{rel}","templated":true}]}}