{"id":44703,"date":"2024-10-04T10:20:28","date_gmt":"2024-10-04T10:20:28","guid":{"rendered":"https:\/\/tvbrazilusa.com\/2024\/10\/04\/fab-divulga-causas-da-pane-no-aviao-de-lula-confira\/"},"modified":"2024-10-04T10:20:29","modified_gmt":"2024-10-04T10:20:29","slug":"fab-divulga-causas-da-pane-no-aviao-de-lula-confira","status":"publish","type":"post","link":"https:\/\/tvbrazilusa.com\/pt\/2024\/10\/04\/fab-divulga-causas-da-pane-no-aviao-de-lula-confira\/","title":{"rendered":"FAB divulga causas da pane no avi\u00e3o de Lula; CONFIRA"},"content":{"rendered":"<p> <script async src=\"https:\/\/pagead2.googlesyndication.com\/pagead\/js\/adsbygoogle.js?client=ca-pub-8864793242727901\"\r\n     crossorigin=\"anonymous\"><\/script><br \/>\n<\/p>\n<div id=\"taboola-read-more\" style=\"display:block; width:100%\">\n<p>Na noite desta quinta-feira (3), a For\u00e7a A\u00e9rea Brasileira divulgou um comunicado esclarecendo que a falha na aeronave VC-1, que transportava o presidente Luiz In\u00e1cio Lula da Silva de volta do M\u00e9xico, foi causada por uma vibra\u00e7\u00e3o elevada em uma das turbinas.\n<\/p>\n<p>De acordo com o tenente-brigadeiro do ar Marcelo Damasceno, comandante da Aeron\u00e1utica e signat\u00e1rio da nota, uma anomalia t\u00e9cnica ocorreu logo ap\u00f3s a decolagem. No entanto, \u201ca tripula\u00e7\u00e3o imediatamente adotou todas as medidas de seguran\u00e7a recomendadas, mantendo o controle total da aeronave e da situa\u00e7\u00e3o\u201d.<\/p>\n<p>A nota tamb\u00e9m informa que, durante o voo, foram realizados procedimentos operacionais padr\u00e3o, seguindo as Listas de Verifica\u00e7\u00f5es, por profissionais devidamente certificados segundo os mais rigorosos crit\u00e9rios internacionais de seguran\u00e7a.\n<\/p>\n<p>\u201cAp\u00f3s seguirem os protocolos de opera\u00e7\u00e3o previstos e o necess\u00e1rio gerenciamento de combust\u00edvel, mantiveram a aeronave em circuito de espera at\u00e9 que esta estivesse em condi\u00e7\u00f5es de realizar o pouso em seguran\u00e7a\u201d, explica o comunicado.\n<\/p>\n<p>O avi\u00e3o presidencial com Lula e sua comitiva enfrentou problemas t\u00e9cnicos e sobrevoou o M\u00e9xico por cinco horas nesta ter\u00e7a-feira (1), aterrissando em seguran\u00e7a \u00e0s 22h16 (hor\u00e1rio de Bras\u00edlia) na cidade do M\u00e9xico.\n<\/p>\n<p>Uma equipe do Centro de Investiga\u00e7\u00e3o e Preven\u00e7\u00e3o de Acidentes Aeron\u00e1uticos (Cenipa) j\u00e1 se encontra no M\u00e9xico para extrair e analisar os dados do voo.\n<\/p>\n<p>O comandante tamb\u00e9m enfatizou o programa de auditoria de seguran\u00e7a universal, que monitora constantemente a seguran\u00e7a das opera\u00e7\u00f5es a\u00e9reas, assegurando que a For\u00e7a A\u00e9rea Brasileira atua em conformidade com os mais altos padr\u00f5es. Ele ainda ressaltou que a FAB \u00e9 regularmente avaliada por \u00f3rg\u00e3os internacionais, como a Organiza\u00e7\u00e3o da Avia\u00e7\u00e3o Civil Internacional (OACI), e destacou a excel\u00eancia do Cenipa, que neste ano recebeu o grau m\u00e1ximo de conformidade com os protocolos internacionais de investiga\u00e7\u00e3o.\n<\/p>\n<p>Fonte: Gazeta Brasil <\/p>\n<\/div>\n<p><br \/>\n<br \/><a href=\"https:\/\/diariodobrasilnoticias.com.br\/noticia\/fab-divulga-causas-da-pane-no-aviao-de-lula-confira-66ffbf15d09da\">Source link <\/a><\/p>","protected":false},"excerpt":{"rendered":"<p>Na noite desta quinta-feira (3), a For\u00e7a A\u00e9rea Brasileira divulgou um comunicado esclarecendo que a falha na aeronave VC-1, que transportava o presidente Luiz In\u00e1cio Lula da Silva de volta&hellip;<\/p>","protected":false},"author":1,"featured_media":44704,"comment_status":"closed","ping_status":"open","sticky":false,"template":"","format":"standard","meta":{"content-type":"","footnotes":""},"categories":[16],"tags":[123,2448,5313,1267],"class_list":["post-44703","post","type-post","status-publish","format-standard","has-post-thumbnail","hentry","category-noticias","tag-brasil","tag-diario","tag-noticia","tag-noticias"],"_links":{"self":[{"href":"https:\/\/tvbrazilusa.com\/pt\/wp-json\/wp\/v2\/posts\/44703","targetHints":{"allow":["GET"]}}],"collection":[{"href":"https:\/\/tvbrazilusa.com\/pt\/wp-json\/wp\/v2\/posts"}],"about":[{"href":"https:\/\/tvbrazilusa.com\/pt\/wp-json\/wp\/v2\/types\/post"}],"author":[{"embeddable":true,"href":"https:\/\/tvbrazilusa.com\/pt\/wp-json\/wp\/v2\/users\/1"}],"replies":[{"embeddable":true,"href":"https:\/\/tvbrazilusa.com\/pt\/wp-json\/wp\/v2\/comments?post=44703"}],"version-history":[{"count":1,"href":"https:\/\/tvbrazilusa.com\/pt\/wp-json\/wp\/v2\/posts\/44703\/revisions"}],"predecessor-version":[{"id":44705,"href":"https:\/\/tvbrazilusa.com\/pt\/wp-json\/wp\/v2\/posts\/44703\/revisions\/44705"}],"wp:featuredmedia":[{"embeddable":true,"href":"https:\/\/tvbrazilusa.com\/pt\/wp-json\/wp\/v2\/media\/44704"}],"wp:attachment":[{"href":"https:\/\/tvbrazilusa.com\/pt\/wp-json\/wp\/v2\/media?parent=44703"}],"wp:term":[{"taxonomy":"category","embeddable":true,"href":"https:\/\/tvbrazilusa.com\/pt\/wp-json\/wp\/v2\/categories?post=44703"},{"taxonomy":"post_tag","embeddable":true,"href":"https:\/\/tvbrazilusa.com\/pt\/wp-json\/wp\/v2\/tags?post=44703"}],"curies":[{"name":"wp","href":"https:\/\/api.w.org\/{rel}","templated":true}]}}