{"id":44715,"date":"2024-10-04T11:30:51","date_gmt":"2024-10-04T11:30:51","guid":{"rendered":"https:\/\/tvbrazilusa.com\/2024\/10\/04\/confronto-ideologico-entre-aliados-de-lula-e-bolsonaro-marca-debate-no-rio-de-janeiro\/"},"modified":"2024-10-04T11:30:52","modified_gmt":"2024-10-04T11:30:52","slug":"confronto-ideologico-entre-aliados-de-lula-e-bolsonaro-marca-debate-no-rio-de-janeiro","status":"publish","type":"post","link":"https:\/\/tvbrazilusa.com\/pt\/2024\/10\/04\/confronto-ideologico-entre-aliados-de-lula-e-bolsonaro-marca-debate-no-rio-de-janeiro\/","title":{"rendered":"Confronto ideol\u00f3gico entre aliados de Lula e Bolsonaro marca debate no Rio de Janeiro"},"content":{"rendered":"<p> <script async src=\"https:\/\/pagead2.googlesyndication.com\/pagead\/js\/adsbygoogle.js?client=ca-pub-8864793242727901\"\r\n     crossorigin=\"anonymous\"><\/script><br \/>\n<\/p>\n<div id=\"taboola-read-more\" style=\"display:block; width:100%\">\n<p>O \u00faltimo debate antes do primeiro turno no Rio de Janeiro, realizado pela Rede Globo na noite desta quinta-feira (3), foi marcado por acusa\u00e7\u00f5es e embates de temas ideol\u00f3gicos entre os candidatos aliados do presidente Lula (PT) e do ex-presidente Jair Bolsonaro (PL).\n<\/p>\n<p>Cinco candidatos participaram do debate da Globo no Rio de Janeiro: Alexandre Ramagem (PL), Eduardo Paes (PSD), Marcelo Queiroz (PP), Rodrigo Amorim (Uni\u00e3o) e Tarc\u00edsio Motta (Psol). No primeiro embate entre Paes e Ramagem, o prefeito questionou o candidato do PL sobre a rela\u00e7\u00e3o com o governador Cl\u00e1udio Castro, do mesmo partido, e as promessas para a seguran\u00e7a p\u00fablica. \u201cO senhor n\u00e3o tem vergonha de fazer esse estelionato quando voc\u00eas j\u00e1 mandam na seguran\u00e7a p\u00fablica h\u00e1 seis anos?\u201d, perguntou.<\/p>\n<p>Ramagem rebateu Paes e disse que Castro n\u00e3o \u00e9 seu \u201cpadrinho pol\u00edtico\u201d, e afirmou que a lideran\u00e7a dele \u00e9 o ex-presidente Bolsonaro. \u201cEle que tem confian\u00e7a em mim, que me escolheu e o Cl\u00e1udio Castro soube pela imprensa da minha indica\u00e7\u00e3o \u00e0 prefeitura. Sou delegado de carreira e seguran\u00e7a \u00e9, sim, responsabilidade tamb\u00e9m da prefeitura\u201d, disse o candidato, que criticou a administra\u00e7\u00e3o do governador do PL. \u201cQuando a gente olha para a gest\u00e3o do Castro, ela \u00e9 med\u00edocre, mas a sua [Eduardo Paes] \u00e9 muito pior. Ela \u00e9 nota zero\u201d, completou.\n<\/p>\n<p>O deputado federal ainda disse que Paes faz parte do grupo pol\u00edtico de Lula e de Marcelo Freixo, segundo Ramagem, \u201cdaqueles que entendem que bandido \u00e9 v\u00edtima da sociedade\u201d, favor\u00e1veis ao aborto e \u00e0s drogas. Na r\u00e9plica, o prefeito afirmou que \u00e9 contra o aborto, contra as drogas e que as pessoas devem ser punidas pelos crimes. Na sequ\u00eancia, voltou a atacar o governo do estado. \u201cH\u00e1 seis anos, o grupo deles come\u00e7ou com o [Wilson] Witzel, apoiado pelo Bolsonaro naquela \u00e9poca, depois sucedido pelo Castro. Essa \u00e9 uma crise grav\u00edssima que a gente vive e \u00e9 responsabilidade do estado\u201d, retrucou.\n<\/p>\n<p>Ramagem respondeu que Paes \u201cesconde o Lula atr\u00e1s do arm\u00e1rio, pois \u00e9 um presidente sem povo\u201d e que n\u00e3o teria p\u00fablico para fazer lives. \u201cUm presidente a favor das drogas, do aborto, do Hamas, do Hezbollah, contra o povo de Israel. Foi esse grupo pol\u00edtico que acabou com a Lava Jato. Se tivesse a Lava Jato aqui, hoje, o senhor Eduardo Paes estaria preso e possivelmente por mim\u201d, disse o delegado, ao se referir ao ex-governador S\u00e9rgio Cabral, aliado de Paes, que foi preso pela opera\u00e7\u00e3o de combate \u00e0 corrup\u00e7\u00e3o.\n<\/p>\n<p>O prefeito teve direito de resposta concedido e comparou Ramagem ao ex-governador Witzel, preso acusado de corrup\u00e7\u00e3o durante a pandemia da Covid-19. Paes tamb\u00e9m afirmou que \u00e9 \u201caliado do presidente Lula, mas n\u00e3o somos iguais\u201d e justificou a necessidade de trabalhar em parcerias em prol da cidade.\n<\/p>\n<p>O candidato Tarc\u00edsio Motta, por sua vez, acusou Rodrigo Amorim de pertencer ao grupo que tentou dar \u201cum golpe de estado\u201d sob a mentoria de Jair Bolsonaro, e perguntou sobre o indeferimento da candidatura a prefeito pela Justi\u00e7a Eleitoral. \u201cVoc\u00ea vai continuar defendendo o fechamento do STF [Supremo Tribunal Federal] ou vai recorrer ao STF?\u201d, questionou.\n<\/p>\n<p>Amorim rebateu o candidato do Psol e disse que responde por \u201ccrime de opini\u00e3o\u201d e que os \u201cconservadores s\u00e3o perseguidos\u201d, al\u00e9m de afirmar que Paes e Motta pertencem ao mesmo grupo pol\u00edtico. \u201cVoc\u00eas defendem o aborto e as drogas. O seu grupo pol\u00edtico defende o Hamas\u201d, atacou Amorim, que questionou Motta sobre o posicionamento de Freixo, ex-militante do Psol que hoje est\u00e1 filiado ao PT e apoia a reelei\u00e7\u00e3o de Paes. \u201cNesta semana ele recomendou que voc\u00ea n\u00e3o tivesse o voto da esquerda\u201d, acrescentou. Atual presidente da Embratur no governo Lula, Freixo recomendou \u201cvoto \u00fatil\u201d em Paes para evitar o segundo turno contra Ramagem.\n<\/p>\n<p>Escolas c\u00edvico-militares s\u00e3o discutidas por candidatos da direita em debate do Rio de Janeiro<br \/>O debate teve quatro blocos, com um reservado para temas sorteados pela mediadora Ana Paula Ara\u00fajo, al\u00e9m do \u00faltimo bloco para as considera\u00e7\u00f5es finais dos candidatos. No bloco tem\u00e1tico, Ramagem criticou a \u201cdoutrina Paulo Freire\u201d nas escolas e destacou o sucesso das escolas c\u00edvico-militares, pedindo para que Amorim comentasse o assunto na pergunta sobre educa\u00e7\u00e3o. O aliado de Bolsonaro ainda acusou a gest\u00e3o de Paes de n\u00e3o investir no modelo c\u00edvico-militar, alinhado ao governo Lula, que determinou o fim do programa nacional.\n<\/p>\n<p>\u201cN\u00e3o me causa nenhuma surpresa, eles t\u00eam verdadeira ojeriza \u00e0 disciplina, \u00e0 ordem e ao patriotismo. S\u00e3o 1.542 escolas abandonadas no Rio de Janeiro, os alunos est\u00e3o sentados em caixotes\u201d, afirmou o candidato do Uni\u00e3o Brasil, que al\u00e9m dos col\u00e9gios c\u00edvico-militares, prometeu implantar o modelo de escola confessional-religiosa para fam\u00edlias sem condi\u00e7\u00f5es de pagar os col\u00e9gios particulares. Na r\u00e9plica, Ramagem disse que planeja levar a parceria p\u00fablico-privada (PPP) para as escolas, mas manter a coordena\u00e7\u00e3o e dire\u00e7\u00e3o com os professores municipais.\n<\/p>\n<p>No bloco seguinte, o candidato do Psol voltou ao tema da educa\u00e7\u00e3o e acusou o governo Bolsonaro de &#8220;persegui\u00e7\u00e3o aos professores&#8221; e de &#8220;negacionismo da ci\u00eancia e tecnologia&#8221; na pergunta direcionada a Ramagem. O candidato do PL respondeu que a atual prefeitura possui &#8220;indicadores med\u00edocres&#8221; e criticou a aprova\u00e7\u00e3o autom\u00e1tica nas escolas municipais cariocas. &#8220;S\u00f3 reprova quem n\u00e3o est\u00e1 com frequ\u00eancia, isso acaba com o psicol\u00f3gico do aluno e segue sendo feito para ter uma taxa melhor no Ideb [\u00cdndice de Desenvolvimento da Educa\u00e7\u00e3o B\u00e1sica]&#8221;, comentou.\n<\/p>\n<p>Motta prometeu uma escola que n\u00e3o \u00e9 autorit\u00e1ria, &#8220;de fato emancipat\u00f3ria, como Paulo Freire sonhou&#8221; e foi confrontado por Ramagem, que rebateu que as ideologias partid\u00e1rias que, de acordo com ele, &#8220;n\u00e3o levam o aluno para o mercado de trabalho&#8221;.\n<\/p>\n<p>Fonte: Gazeta do Povo <\/p>\n<\/div>\n<p><br \/>\n<br \/><a href=\"https:\/\/diariodobrasilnoticias.com.br\/noticia\/confronto-ideologico-entre-aliados-de-lula-e-bolsonaro-marca-debate-no-rio-de-janeiro-66ffc260456e9\">Source link <\/a><\/p>","protected":false},"excerpt":{"rendered":"<p>O \u00faltimo debate antes do primeiro turno no Rio de Janeiro, realizado pela Rede Globo na noite desta quinta-feira (3), foi marcado por acusa\u00e7\u00f5es e embates de temas ideol\u00f3gicos entre&hellip;<\/p>","protected":false},"author":1,"featured_media":44716,"comment_status":"closed","ping_status":"open","sticky":false,"template":"","format":"standard","meta":{"content-type":"","footnotes":""},"categories":[16],"tags":[123,2448,5313,1267],"class_list":["post-44715","post","type-post","status-publish","format-standard","has-post-thumbnail","hentry","category-noticias","tag-brasil","tag-diario","tag-noticia","tag-noticias"],"_links":{"self":[{"href":"https:\/\/tvbrazilusa.com\/pt\/wp-json\/wp\/v2\/posts\/44715","targetHints":{"allow":["GET"]}}],"collection":[{"href":"https:\/\/tvbrazilusa.com\/pt\/wp-json\/wp\/v2\/posts"}],"about":[{"href":"https:\/\/tvbrazilusa.com\/pt\/wp-json\/wp\/v2\/types\/post"}],"author":[{"embeddable":true,"href":"https:\/\/tvbrazilusa.com\/pt\/wp-json\/wp\/v2\/users\/1"}],"replies":[{"embeddable":true,"href":"https:\/\/tvbrazilusa.com\/pt\/wp-json\/wp\/v2\/comments?post=44715"}],"version-history":[{"count":1,"href":"https:\/\/tvbrazilusa.com\/pt\/wp-json\/wp\/v2\/posts\/44715\/revisions"}],"predecessor-version":[{"id":44717,"href":"https:\/\/tvbrazilusa.com\/pt\/wp-json\/wp\/v2\/posts\/44715\/revisions\/44717"}],"wp:featuredmedia":[{"embeddable":true,"href":"https:\/\/tvbrazilusa.com\/pt\/wp-json\/wp\/v2\/media\/44716"}],"wp:attachment":[{"href":"https:\/\/tvbrazilusa.com\/pt\/wp-json\/wp\/v2\/media?parent=44715"}],"wp:term":[{"taxonomy":"category","embeddable":true,"href":"https:\/\/tvbrazilusa.com\/pt\/wp-json\/wp\/v2\/categories?post=44715"},{"taxonomy":"post_tag","embeddable":true,"href":"https:\/\/tvbrazilusa.com\/pt\/wp-json\/wp\/v2\/tags?post=44715"}],"curies":[{"name":"wp","href":"https:\/\/api.w.org\/{rel}","templated":true}]}}