{"id":44739,"date":"2024-10-04T13:18:27","date_gmt":"2024-10-04T13:18:27","guid":{"rendered":"https:\/\/tvbrazilusa.com\/2024\/10\/04\/brasil-condena-a-decisao-de-israel-contra-o-secretario-da-onu\/"},"modified":"2024-10-04T13:18:28","modified_gmt":"2024-10-04T13:18:28","slug":"brasil-condena-a-decisao-de-israel-contra-o-secretario-da-onu","status":"publish","type":"post","link":"https:\/\/tvbrazilusa.com\/pt\/2024\/10\/04\/brasil-condena-a-decisao-de-israel-contra-o-secretario-da-onu\/","title":{"rendered":"Brasil condena a decis\u00e3o de Israel contra o secret\u00e1rio da ONU"},"content":{"rendered":"<p> <script async src=\"https:\/\/pagead2.googlesyndication.com\/pagead\/js\/adsbygoogle.js?client=ca-pub-8864793242727901\"\r\n     crossorigin=\"anonymous\"><\/script><br \/>\n<\/p>\n<div id=\"taboola-read-more\" style=\"display:block; width:100%\">\n<p>O governo do Brasil, comandado por Luiz In\u00e1cio Lula da Silva, manifestou sua oposi\u00e7\u00e3o \u00e0 decis\u00e3o do ministro israelense Israel Katz, que declarou o secret\u00e1rio-geral da Organiza\u00e7\u00e3o das Na\u00e7\u00f5es Unidas (ONU), Ant\u00f3nio Guterres, como \u201cpersona non grata\u201c. A cr\u00edtica veio porque este n\u00e3o condenou com firmeza um ataque iraniano a Tel-Aviv.\n<\/p>\n<p>Nesta quinta-feira, 3, o Minist\u00e9rio das Rela\u00e7\u00f5es Exteriores divulgou sua posi\u00e7\u00e3o. Isso ocorreu um dia depois de uma tensa reuni\u00e3o no Conselho de Seguran\u00e7a da ONU. No encontro, n\u00e3o houve consenso.<\/p>\n<p>O Itamaraty, em nota, destacou que o ataque de Israel a uma organiza\u00e7\u00e3o criada para proteger os direitos humanos e prevenir atrocidades, como as da Segunda Guerra Mundial, n\u00e3o contribui para a paz na regi\u00e3o. Segundo o governo brasileiro, essa postura afasta qualquer chance de uma solu\u00e7\u00e3o pac\u00edfica entre Israel e a Palestina.\n<\/p>\n<p>O Brasil acredita que a declara\u00e7\u00e3o de Katz compromete os esfor\u00e7os da ONU para alcan\u00e7ar um cessar-fogo imediato no Oriente M\u00e9dio. Al\u00e9m disso, prejudica as negocia\u00e7\u00f5es para a liberta\u00e7\u00e3o dos ref\u00e9ns em Gaza e atrapalha o objetivo de criar um Estado Palestino independente, coexistindo com Israel.\n<\/p>\n<p><strong>Itamaraty refor\u00e7a import\u00e2ncia da ONU<\/strong><br \/>Ao prestar solidariedade a Guterres, o Brasil reafirmou a import\u00e2ncia das Na\u00e7\u00f5es Unidas. Ele destacou especialmente sua Assembleia Geral e seu Conselho de Seguran\u00e7a. Esses \u00f3rg\u00e3os s\u00e3o fundamentais no trabalho por uma solu\u00e7\u00e3o de dois Estados e pelo cessar-fogo.\n<\/p>\n<p>O governo israelense j\u00e1 havia declarado Lula como \u201cpersona non grata\u201c, al\u00e9m de Guterres. Essa declara\u00e7\u00e3o ocorreu mediante \u00e0s cr\u00edticas do presidente brasileiro \u00e0 resposta de Israel aos ataques do Hamas. Esses ataques aconteceram em outubro de 2023.\n<\/p>\n<p>A crise diplom\u00e1tica entre os dois pa\u00edses se intensificou. Isso ocorreu quando Lula comparou a situa\u00e7\u00e3o em Gaza \u00e0s a\u00e7\u00f5es nazistas de Adolf Hitler. Durante a Segunda Guerra Mundial, milh\u00f5es de judeus foram perseguidos e mortos.\n<\/p>\n<p><strong>Veja a nota do Brasil na \u00edntegra:<\/strong><br \/>\u201cO governo brasileiro lamenta e condena a decis\u00e3o do governo de Israel, anunciada pelo ministro dos Neg\u00f3cios Estrangeiros, Israel Katz, de declarar o secret\u00e1rio-Geral das Na\u00e7\u00f5es Unidas, Ant\u00f3nio Guterres, como \u201cpersona non grata\u201d.\n<\/p>\n<p>Tal ato prejudica fortemente os esfor\u00e7os da Organiza\u00e7\u00e3o das Na\u00e7\u00f5es Unidas em favor de um cessar-fogo imediato no Oriente M\u00e9dio, da liberta\u00e7\u00e3o imediata e incondicional de todos os ref\u00e9ns e de um processo que permita a concretiza\u00e7\u00e3o da solu\u00e7\u00e3o de dois Estados, com um Estado da Palestina independente e vi\u00e1vel convivendo lado a lado com Israel, em paz e seguran\u00e7a, dentro das fronteiras de 1967, o que inclui a Faixa de Gaza e a Cisjord\u00e2nia, tendo Jerusal\u00e9m Oriental como sua capital.\n<\/p>\n<p>O ataque do governo de Israel a uma Organiza\u00e7\u00e3o que foi constitu\u00edda para salvar a humanidade do flagelo e atrocidades da II Guerra Mundial e para proteger os direitos humanos fundamentais e a dignidade da pessoa humana n\u00e3o contribui para a paz e o bem-estar das popula\u00e7\u00f5es israelense e palestina e afasta a regi\u00e3o de uma solu\u00e7\u00e3o pac\u00edfica.\n<\/p>\n<p>Ao manifestar sua solidariedade ao Secret\u00e1rio-Geral Ant\u00f3nio Guterres, o Brasil reafirma a import\u00e2ncia das Na\u00e7\u00f5es Unidas, notadamente de sua Assembleia Geral e de seu Conselho de Seguran\u00e7a, nos esfor\u00e7os pelo cessar-fogo e por uma solu\u00e7\u00e3o de dois Estados.\u201d\n<\/p>\n<p>Fonte: Revista Oeste <\/p>\n<\/div>\n<p><br \/>\n<br \/><a href=\"https:\/\/diariodobrasilnoticias.com.br\/noticia\/brasil-condena-a-decisao-de-israel-contra-o-secretario-da-onu-66ffc47cd13bd\">Source link <\/a><\/p>","protected":false},"excerpt":{"rendered":"<p>O governo do Brasil, comandado por Luiz In\u00e1cio Lula da Silva, manifestou sua oposi\u00e7\u00e3o \u00e0 decis\u00e3o do ministro israelense Israel Katz, que declarou o secret\u00e1rio-geral da Organiza\u00e7\u00e3o das Na\u00e7\u00f5es Unidas&hellip;<\/p>","protected":false},"author":1,"featured_media":44740,"comment_status":"closed","ping_status":"open","sticky":false,"template":"","format":"standard","meta":{"content-type":"","footnotes":""},"categories":[16],"tags":[123,2448,5313,1267],"class_list":["post-44739","post","type-post","status-publish","format-standard","has-post-thumbnail","hentry","category-noticias","tag-brasil","tag-diario","tag-noticia","tag-noticias"],"_links":{"self":[{"href":"https:\/\/tvbrazilusa.com\/pt\/wp-json\/wp\/v2\/posts\/44739","targetHints":{"allow":["GET"]}}],"collection":[{"href":"https:\/\/tvbrazilusa.com\/pt\/wp-json\/wp\/v2\/posts"}],"about":[{"href":"https:\/\/tvbrazilusa.com\/pt\/wp-json\/wp\/v2\/types\/post"}],"author":[{"embeddable":true,"href":"https:\/\/tvbrazilusa.com\/pt\/wp-json\/wp\/v2\/users\/1"}],"replies":[{"embeddable":true,"href":"https:\/\/tvbrazilusa.com\/pt\/wp-json\/wp\/v2\/comments?post=44739"}],"version-history":[{"count":1,"href":"https:\/\/tvbrazilusa.com\/pt\/wp-json\/wp\/v2\/posts\/44739\/revisions"}],"predecessor-version":[{"id":44741,"href":"https:\/\/tvbrazilusa.com\/pt\/wp-json\/wp\/v2\/posts\/44739\/revisions\/44741"}],"wp:featuredmedia":[{"embeddable":true,"href":"https:\/\/tvbrazilusa.com\/pt\/wp-json\/wp\/v2\/media\/44740"}],"wp:attachment":[{"href":"https:\/\/tvbrazilusa.com\/pt\/wp-json\/wp\/v2\/media?parent=44739"}],"wp:term":[{"taxonomy":"category","embeddable":true,"href":"https:\/\/tvbrazilusa.com\/pt\/wp-json\/wp\/v2\/categories?post=44739"},{"taxonomy":"post_tag","embeddable":true,"href":"https:\/\/tvbrazilusa.com\/pt\/wp-json\/wp\/v2\/tags?post=44739"}],"curies":[{"name":"wp","href":"https:\/\/api.w.org\/{rel}","templated":true}]}}