{"id":44742,"date":"2024-10-04T13:46:42","date_gmt":"2024-10-04T13:46:42","guid":{"rendered":"https:\/\/tvbrazilusa.com\/2024\/10\/04\/bc-atende-ordem-de-moraes-e-desbloqueia-contas-do-x\/"},"modified":"2024-10-04T13:46:43","modified_gmt":"2024-10-04T13:46:43","slug":"bc-atende-ordem-de-moraes-e-desbloqueia-contas-do-x","status":"publish","type":"post","link":"https:\/\/tvbrazilusa.com\/pt\/2024\/10\/04\/bc-atende-ordem-de-moraes-e-desbloqueia-contas-do-x\/","title":{"rendered":"BC atende ordem de Moraes e desbloqueia contas do X."},"content":{"rendered":"<p> <script async src=\"https:\/\/pagead2.googlesyndication.com\/pagead\/js\/adsbygoogle.js?client=ca-pub-8864793242727901\"\r\n     crossorigin=\"anonymous\"><\/script><br \/>\n<\/p>\n<div id=\"taboola-read-more\" style=\"display:block; width:100%\">\n<p>O Banco Central (BC) acatou a uma ordem do ministro Alexandre de Moraes, do Supremo Tribunal Federal, e desbloqueou, nesta quinta-feira, 3, as contas banc\u00e1rias do Twitter\/X.\n<\/p>\n<p>Conforme noticiou Oeste h\u00e1 dois dias, o juiz do STF atendeu a um pedido da big tech, que se comprometeu a obedecer ao magistrado.<\/p>\n<p>\u201cDetermino que o BC e a Comiss\u00e3o de Valores Mobili\u00e1rios procedam o imediato desbloqueio determinado e informem a raz\u00e3o do descumprimento da decis\u00e3o de 11\/9\/2024\u201d, determinou Moraes.\n<\/p>\n<p><strong>X completa um m\u00eas suspenso no Brasil, por ordem de Alexandre de Moraes<\/strong>\n<\/p>\n<p>Ontem, o X completou um m\u00eas suspenso no Brasil, por ordem de Moraes. Em 30 agosto, o magistrado derrubou a plataforma porque ela se recusou a censurar perfis de direita que estariam divulgando fake news.\n<\/p>\n<p>Al\u00e9m disso, a empresa havia tirado sua representante legal no pa\u00eds. Sendo assim, n\u00e3o poderia continuar operando em territ\u00f3rio nacional.\n<\/p>\n<p>A Primeira Turma do STF ratificou o entendimento de Moraes, poucos dias depois.\n<\/p>\n<p>Um recurso protocolado pelo Novo chegou a ser encaminhado ao ministro Nunes Marques. Ele, no entanto, ainda n\u00e3o se manifestou.\n<\/p>\n<p>Fonte: Revista Oeste <\/p>\n<\/div>\n<p><br \/>\n<br \/><a href=\"https:\/\/diariodobrasilnoticias.com.br\/noticia\/bc-atende-ordem-de-moraes-e-desbloqueia-contas-do-x-66ffc5f1310b1\">Source link <\/a><\/p>","protected":false},"excerpt":{"rendered":"<p>O Banco Central (BC) acatou a uma ordem do ministro Alexandre de Moraes, do Supremo Tribunal Federal, e desbloqueou, nesta quinta-feira, 3, as contas banc\u00e1rias do Twitter\/X. Conforme noticiou Oeste&hellip;<\/p>","protected":false},"author":1,"featured_media":44743,"comment_status":"closed","ping_status":"open","sticky":false,"template":"","format":"standard","meta":{"content-type":"","footnotes":""},"categories":[16],"tags":[123,2448,5313,1267],"class_list":["post-44742","post","type-post","status-publish","format-standard","has-post-thumbnail","hentry","category-noticias","tag-brasil","tag-diario","tag-noticia","tag-noticias"],"_links":{"self":[{"href":"https:\/\/tvbrazilusa.com\/pt\/wp-json\/wp\/v2\/posts\/44742","targetHints":{"allow":["GET"]}}],"collection":[{"href":"https:\/\/tvbrazilusa.com\/pt\/wp-json\/wp\/v2\/posts"}],"about":[{"href":"https:\/\/tvbrazilusa.com\/pt\/wp-json\/wp\/v2\/types\/post"}],"author":[{"embeddable":true,"href":"https:\/\/tvbrazilusa.com\/pt\/wp-json\/wp\/v2\/users\/1"}],"replies":[{"embeddable":true,"href":"https:\/\/tvbrazilusa.com\/pt\/wp-json\/wp\/v2\/comments?post=44742"}],"version-history":[{"count":1,"href":"https:\/\/tvbrazilusa.com\/pt\/wp-json\/wp\/v2\/posts\/44742\/revisions"}],"predecessor-version":[{"id":44744,"href":"https:\/\/tvbrazilusa.com\/pt\/wp-json\/wp\/v2\/posts\/44742\/revisions\/44744"}],"wp:featuredmedia":[{"embeddable":true,"href":"https:\/\/tvbrazilusa.com\/pt\/wp-json\/wp\/v2\/media\/44743"}],"wp:attachment":[{"href":"https:\/\/tvbrazilusa.com\/pt\/wp-json\/wp\/v2\/media?parent=44742"}],"wp:term":[{"taxonomy":"category","embeddable":true,"href":"https:\/\/tvbrazilusa.com\/pt\/wp-json\/wp\/v2\/categories?post=44742"},{"taxonomy":"post_tag","embeddable":true,"href":"https:\/\/tvbrazilusa.com\/pt\/wp-json\/wp\/v2\/tags?post=44742"}],"curies":[{"name":"wp","href":"https:\/\/api.w.org\/{rel}","templated":true}]}}