{"id":44745,"date":"2024-10-04T14:05:35","date_gmt":"2024-10-04T14:05:35","guid":{"rendered":"https:\/\/tvbrazilusa.com\/2024\/10\/04\/mansao-mais-cara-do-pais-inspirou-a-casa-de-ronaldo-descubra-por-quanto-esta-a-venda\/"},"modified":"2024-10-04T14:05:37","modified_gmt":"2024-10-04T14:05:37","slug":"mansao-mais-cara-do-pais-inspirou-a-casa-de-ronaldo-descubra-por-quanto-esta-a-venda","status":"publish","type":"post","link":"https:\/\/tvbrazilusa.com\/pt\/2024\/10\/04\/mansao-mais-cara-do-pais-inspirou-a-casa-de-ronaldo-descubra-por-quanto-esta-a-venda\/","title":{"rendered":"Mans\u00e3o mais cara do Pa\u00eds inspirou a casa de Ronaldo; descubra por quanto est\u00e1 \u00e0 venda"},"content":{"rendered":"<p> <script async src=\"https:\/\/pagead2.googlesyndication.com\/pagead\/js\/adsbygoogle.js?client=ca-pub-8864793242727901\"\r\n     crossorigin=\"anonymous\"><\/script><br \/>\n<\/p>\n<div id=\"taboola-read-more\" style=\"display:block; width:100%\">\n<p>Antes de conceber a sua futura resid\u00eancia na Quinta da Marinha, Cristiano Ronaldo ter\u00e1 passado um dia numa propriedade situada no Estoril. \u201cDiz-se que acabou por ficar t\u00e3o entusiasmado que declarou \u2018\u00e9 mesmo isto que quero\u2019 e entrou em contacto com o arquitecto V\u00edtor Vitorino\u201d come\u00e7a por revelar \u00e0 NiT Christopher Kirby-Higgs, um dos agentes imobili\u00e1rios que representam o im\u00f3vel.\n<\/p>\n<p>A Villa Estoril, como \u00e9 denominada, encontra-se \u00e0 venda por uns impressionantes 32 milh\u00f5es de euros e tornou-se a propriedade mais cara de Portugal \u2014 superando a Villa Lagos, que est\u00e1 listada por 27 milh\u00f5es. Ambas est\u00e3o a ser comercializadas pela The Agency, uma imobili\u00e1ria especializada no segmento do ultra luxo.<\/p>\n<p>Constru\u00edda em 2019, a casa foi projetada por um conhecido investidor imobili\u00e1rio da regi\u00e3o, dono da promotora Flumengold. A empresa tem sido respons\u00e1vel por diversas constru\u00e7\u00f5es na zona da Quinta da Marinha e, desta vez, decidiu desenvolver um projeto num terreno com quatro mil metros quadrados.\n<\/p>\n<p>Com 1750 metros quadrados de \u00e1rea, a villa destaca-se principalmente pelos materiais de constru\u00e7\u00e3o, que o atual propriet\u00e1rio trouxe de v\u00e1rias geografias. Entre eles, encontram-se carvalho, \u00e9bano e m\u00e1rmore travertino, que conferem \u201cum revestimento elegante ao im\u00f3vel\u201d.\n<\/p>\n<p>\u201cAl\u00e9m do cat\u00e1logo de equipamentos, que incorpora os materiais mais caros do mundo, o que torna a casa ainda mais especial \u00e9 a sua localiza\u00e7\u00e3o desimpedida\u201d, acrescenta o agente. \u201cNada pode ser constru\u00eddo \u00e0 frente dela, tem uma vista magn\u00edfica para o mar e um extenso espa\u00e7o agrad\u00e1vel no jardim.\u201d\n<\/p>\n<p>A mans\u00e3o \u00e9 promovida n\u00e3o s\u00f3 por Christopher Kirby-Higgs e Marta Maspero, mas tamb\u00e9m pelo antigo ator brasileiro Marcelo Anthony, de 59 anos, que apresentou a propriedade ao mercado brasileiro, com a devida autoriza\u00e7\u00e3o do propriet\u00e1rio.\n<\/p>\n<p>Ap\u00f3s a venda, Marcelo, que tamb\u00e9m integra a The Agency, pode receber uma comiss\u00e3o de cerca de 3,2 por cento do valor total, o que, em matem\u00e1tica simples, significa que poder\u00e1 arrecadar at\u00e9 aproximadamente 1,1 milh\u00f5es de euros com a transa\u00e7\u00e3o.\n<\/p>\n<p>\u201cHouve um efeito bola de neve nos meios de comunica\u00e7\u00e3o internacionais e gerou-se um grande burburinho por se tratar de uma das casas mais exclusivas do Pa\u00eds\u201d, confessa. \u201cEst\u00e1 no mercado h\u00e1 pouco mais de m\u00eas e meio e, tanto quanto sabemos, \u00e9 o im\u00f3vel mais caro atualmente \u00e0 venda em Portugal.\u201d\n<\/p>\n<p><strong>Luxo permeia cada espa\u00e7o<\/strong><br \/>O piso principal acolhe uma ampla sala de estar dupla, uma \u00e1rea de jantar formal e uma grande cozinha, todas com acesso a um terra\u00e7o e ao jardim exterior, com uma piscina infinita. As enormes janelas de vidro, presentes na maioria das divis\u00f5es, permitem a entrada de luz natural e proporcionam vistas privilegiadas.\n<\/p>\n<p>A escadaria da entrada, localizada entre os dois sal\u00f5es, destaca-se entre os tetos altos e pelo uso de vidro. O piso superior alberga um espa\u00e7oso quarto principal com um closet de 30 metros quadrados, al\u00e9m de tr\u00eas quartos adicionais, todos com casas de banho privativas, e uma segunda sala de estar.\n<\/p>\n<p>Contudo, Christopher destaca as comodidades do piso inferior, \u201cperfeitas para entretenimento e relaxamento\u201d. A piscina interior, em m\u00e1rmore negro e inspirada nos spas termais romanos, uma escolha do propriet\u00e1rio, tem ilumina\u00e7\u00e3o LED que muda de cor.\n<\/p>\n<p>Adicionalmente, existem instala\u00e7\u00f5es como um gin\u00e1sio, uma sauna e um banho turco, uma sala de jogos e uma mini sala de cinema \u201conde foram investidos milhares de euros para garantir a melhor ac\u00fastica\u201d, afirma. \u201cAs cadeiras s\u00e3o eletr\u00f3nicas e as paredes est\u00e3o perfeitamente isoladas, com total aus\u00eancia de som.\u201d\n<\/p>\n<p>O piso t\u00e9rreo inclui uma ampla garagem com capacidade para dez autom\u00f3veis, assim como um espa\u00e7o adicional para armazenamento e um mini-apartamento para os funcion\u00e1rios. Todos os andares da casa s\u00e3o acess\u00edveis por um elevador.\n<\/p>\n<p>\u201cA casa est\u00e1 avaliada em 16 mil euros por metro quadrado. Se considerarmos o que existe em Cascais, encontramos apartamentos a custar at\u00e9 30 mil euros por metro quadrado\u201d, menciona. \u201cAl\u00e9m disso, h\u00e1 uma diferen\u00e7a substancial entre as propriedades mais antigas e uma constru\u00e7\u00e3o moderna com acabamentos de t\u00e3o alta qualidade como esta.\u201d\n<\/p>\n<p>Comodidades n\u00e3o faltam, mas o mar \u00e9 o verdadeiro protagonista. A vista para o oceano \u00e9 desimpedida tamb\u00e9m na \u00e1rea da piscina, perfeitamente integrada com as salas e situada ao lado de \u201cum espa\u00e7o acolhedor com lareiras para o inverno\u201d. \u00c0 noite, a arquitectura \u00e9 real\u00e7ada pelo design de ilumina\u00e7\u00e3o.\n<\/p>\n<p>Apesar da aten\u00e7\u00e3o aos detalhes, o projeto demorou apenas dois anos a concluir, tanto por dentro como por fora.\u00a0\u201cExistem casas que s\u00e3o completamente exteriores e outras que s\u00e3o totalmente interiores. Esta \u00e9 uma fus\u00e3o dos dois estilos e foi especificamente projetada para isso\u201d, conclui.\n<\/p>\n<p>Carregue na galeria para ver mais imagens da Villa Estoril, que est\u00e1 \u00e0 venda por 32 milh\u00f5es de euros.\n<\/p>\n<p>Fonte: NiT <\/p>\n<\/div>\n<p><br \/>\n<br \/><a href=\"https:\/\/diariodobrasilnoticias.com.br\/noticia\/mansao-mais-cara-do-pais-inspirou-a-casa-de-ronaldo-descubra-por-quanto-esta-a-venda-66ffca3a41593\">Source link <\/a><\/p>","protected":false},"excerpt":{"rendered":"<p>Antes de conceber a sua futura resid\u00eancia na Quinta da Marinha, Cristiano Ronaldo ter\u00e1 passado um dia numa propriedade situada no Estoril. \u201cDiz-se que acabou por ficar t\u00e3o entusiasmado que&hellip;<\/p>","protected":false},"author":1,"featured_media":44746,"comment_status":"closed","ping_status":"open","sticky":false,"template":"","format":"standard","meta":{"content-type":"","footnotes":""},"categories":[16],"tags":[123,2448,5313,1267],"class_list":["post-44745","post","type-post","status-publish","format-standard","has-post-thumbnail","hentry","category-noticias","tag-brasil","tag-diario","tag-noticia","tag-noticias"],"_links":{"self":[{"href":"https:\/\/tvbrazilusa.com\/pt\/wp-json\/wp\/v2\/posts\/44745","targetHints":{"allow":["GET"]}}],"collection":[{"href":"https:\/\/tvbrazilusa.com\/pt\/wp-json\/wp\/v2\/posts"}],"about":[{"href":"https:\/\/tvbrazilusa.com\/pt\/wp-json\/wp\/v2\/types\/post"}],"author":[{"embeddable":true,"href":"https:\/\/tvbrazilusa.com\/pt\/wp-json\/wp\/v2\/users\/1"}],"replies":[{"embeddable":true,"href":"https:\/\/tvbrazilusa.com\/pt\/wp-json\/wp\/v2\/comments?post=44745"}],"version-history":[{"count":1,"href":"https:\/\/tvbrazilusa.com\/pt\/wp-json\/wp\/v2\/posts\/44745\/revisions"}],"predecessor-version":[{"id":44747,"href":"https:\/\/tvbrazilusa.com\/pt\/wp-json\/wp\/v2\/posts\/44745\/revisions\/44747"}],"wp:featuredmedia":[{"embeddable":true,"href":"https:\/\/tvbrazilusa.com\/pt\/wp-json\/wp\/v2\/media\/44746"}],"wp:attachment":[{"href":"https:\/\/tvbrazilusa.com\/pt\/wp-json\/wp\/v2\/media?parent=44745"}],"wp:term":[{"taxonomy":"category","embeddable":true,"href":"https:\/\/tvbrazilusa.com\/pt\/wp-json\/wp\/v2\/categories?post=44745"},{"taxonomy":"post_tag","embeddable":true,"href":"https:\/\/tvbrazilusa.com\/pt\/wp-json\/wp\/v2\/tags?post=44745"}],"curies":[{"name":"wp","href":"https:\/\/api.w.org\/{rel}","templated":true}]}}