{"id":44763,"date":"2024-10-04T15:06:00","date_gmt":"2024-10-04T15:06:00","guid":{"rendered":"https:\/\/tvbrazilusa.com\/2024\/10\/04\/fitch-diverge-de-sua-concorrente-e-nao-ve-condicoes-para-elevar-a-nota-de-credito-do-brasil\/"},"modified":"2024-10-04T15:06:01","modified_gmt":"2024-10-04T15:06:01","slug":"fitch-diverge-de-sua-concorrente-e-nao-ve-condicoes-para-elevar-a-nota-de-credito-do-brasil","status":"publish","type":"post","link":"https:\/\/tvbrazilusa.com\/pt\/2024\/10\/04\/fitch-diverge-de-sua-concorrente-e-nao-ve-condicoes-para-elevar-a-nota-de-credito-do-brasil\/","title":{"rendered":"Fitch diverge de sua concorrente e n\u00e3o v\u00ea condi\u00e7\u00f5es para elevar a nota de cr\u00e9dito do Brasil"},"content":{"rendered":"<p> <script async src=\"https:\/\/pagead2.googlesyndication.com\/pagead\/js\/adsbygoogle.js?client=ca-pub-8864793242727901\"\r\n     crossorigin=\"anonymous\"><\/script><br \/>\n<\/p>\n<div id=\"taboola-read-more\" style=\"display:block; width:100%\">\n<p>A ag\u00eancia de classifica\u00e7\u00e3o de risco Fitch Ratings n\u00e3o deve elevar a nota de cr\u00e9dito do Brasil no curto prazo, contrariando a decis\u00e3o da concorrente Moody\u2019s tomada na \u00faltima ter\u00e7a (1\u00ba) que melhorou o rating para pr\u00f3ximo do \u201cgrau de investimento\u201d \u2013 o selo de \u201cbom pagador\u201d \u2013 e pegou o mercado de surpresa.\n<\/p>\n<p>A decis\u00e3o ocorre em meio a d\u00favidas sobre a capacidade do pa\u00eds de melhorar significativamente a situa\u00e7\u00e3o das contas p\u00fablicas mesmo com os indicadores apontando um crescimento econ\u00f4mico melhor do que o esperado. Todd Martinez, codiretor de riscos soberanos das Am\u00e9ricas da Fitch diz que ainda falta \u201cconfian\u00e7a\u201d para a ag\u00eancia elevar a atual nota do Brasil, em BB com perspectiva est\u00e1vel, dois n\u00edveis abaixo do grau de investimento.<\/p>\n<p>\u201cPara elevar a classifica\u00e7\u00e3o de cr\u00e9dito do Brasil, precisar\u00edamos ter mais confian\u00e7a na capacidade do governo de gerar super\u00e1vits prim\u00e1rios\u201d, afirmou em entrevista \u00e0 Reuters publicada nesta sexta (4).\n<\/p>\n<p>Embora o desempenho econ\u00f4mico do Brasil tenha surpreendido positivamente, com uma expectativa de crescimento do Produto Interno Bruto (PIB) em torno de 3% em 2024, as finan\u00e7as p\u00fablicas continuam a ser um ponto de preocupa\u00e7\u00e3o para a ag\u00eancia.\n<\/p>\n<p>Para a Fitch, a situa\u00e7\u00e3o fiscal do Brasil segue fr\u00e1gil e afeta a confian\u00e7a do mercado, impactando diretamente as taxas de c\u00e2mbio e o pr\u00f3prio crescimento. A ag\u00eancia projeta um aumento do rombo das contas p\u00fablicas para 1% do PIB em 2025 ante 0,6% previsto para este ano, com uma redu\u00e7\u00e3o para 0,8% em 2026.\n<\/p>\n<p>Com isso, diz a ag\u00eancia, a rela\u00e7\u00e3o entre d\u00edvida bruta e PIB deve subir de 77,8% em 2023 para 83,9% at\u00e9 2026, segundo as proje\u00e7\u00f5es. \u201cAs contas p\u00fablicas continuam sendo um ponto fraco, com repercuss\u00f5es na confian\u00e7a, nas taxas de c\u00e2mbio e, portanto, no crescimento\u201d, completou Martinez.\n<\/p>\n<p>A equipe econ\u00f4mica do governo do presidente Luiz In\u00e1cio Lula da Silva (PT) t\u00eam buscado recuperar o grau de investimento perdido pelo Brasil em 2015. Em setembro, Lula esteve em Nova York e se reuniu com representantes das tr\u00eas principais ag\u00eancias de classifica\u00e7\u00e3o de risco \u2013 Fitch, Moody&#8217;s e Standard &#038; Poor&#8217;s \u2013 para discutir a nota de cr\u00e9dito do pa\u00eds.\n<\/p>\n<p>Mesmo assim, a Fitch e a Standard &#038; Poor&#8217;s mant\u00eam a classifica\u00e7\u00e3o do Brasil em BB com perspectiva est\u00e1vel, ambas dois n\u00edveis abaixo do grau de investimento. J\u00e1 a Moody\u2019s elevou a nota para Ba1 com perspectiva positiva.\n<\/p>\n<p>Apesar da prud\u00eancia da Fitch, Martinez elogiou os esfor\u00e7os do governo para melhorar a situa\u00e7\u00e3o fiscal e destacou as iniciativas recentes como avan\u00e7os importantes, como a reforma tribut\u00e1ria e o acordo para reverter as isen\u00e7\u00f5es da folha de pagamentos.\n<\/p>\n<p>Fonte: Gazeta do Povo <\/p>\n<\/div>\n<p><br \/>\n<br \/><a href=\"https:\/\/diariodobrasilnoticias.com.br\/noticia\/fitch-diverge-de-sua-concorrente-e-nao-ve-condicoes-para-elevar-a-nota-de-credito-do-brasil-66ffead1163ea\">Source link <\/a><\/p>","protected":false},"excerpt":{"rendered":"<p>A ag\u00eancia de classifica\u00e7\u00e3o de risco Fitch Ratings n\u00e3o deve elevar a nota de cr\u00e9dito do Brasil no curto prazo, contrariando a decis\u00e3o da concorrente Moody\u2019s tomada na \u00faltima ter\u00e7a&hellip;<\/p>","protected":false},"author":1,"featured_media":44764,"comment_status":"closed","ping_status":"open","sticky":false,"template":"","format":"standard","meta":{"content-type":"","footnotes":""},"categories":[16],"tags":[123,2448,5313,1267],"class_list":["post-44763","post","type-post","status-publish","format-standard","has-post-thumbnail","hentry","category-noticias","tag-brasil","tag-diario","tag-noticia","tag-noticias"],"_links":{"self":[{"href":"https:\/\/tvbrazilusa.com\/pt\/wp-json\/wp\/v2\/posts\/44763","targetHints":{"allow":["GET"]}}],"collection":[{"href":"https:\/\/tvbrazilusa.com\/pt\/wp-json\/wp\/v2\/posts"}],"about":[{"href":"https:\/\/tvbrazilusa.com\/pt\/wp-json\/wp\/v2\/types\/post"}],"author":[{"embeddable":true,"href":"https:\/\/tvbrazilusa.com\/pt\/wp-json\/wp\/v2\/users\/1"}],"replies":[{"embeddable":true,"href":"https:\/\/tvbrazilusa.com\/pt\/wp-json\/wp\/v2\/comments?post=44763"}],"version-history":[{"count":1,"href":"https:\/\/tvbrazilusa.com\/pt\/wp-json\/wp\/v2\/posts\/44763\/revisions"}],"predecessor-version":[{"id":44765,"href":"https:\/\/tvbrazilusa.com\/pt\/wp-json\/wp\/v2\/posts\/44763\/revisions\/44765"}],"wp:featuredmedia":[{"embeddable":true,"href":"https:\/\/tvbrazilusa.com\/pt\/wp-json\/wp\/v2\/media\/44764"}],"wp:attachment":[{"href":"https:\/\/tvbrazilusa.com\/pt\/wp-json\/wp\/v2\/media?parent=44763"}],"wp:term":[{"taxonomy":"category","embeddable":true,"href":"https:\/\/tvbrazilusa.com\/pt\/wp-json\/wp\/v2\/categories?post=44763"},{"taxonomy":"post_tag","embeddable":true,"href":"https:\/\/tvbrazilusa.com\/pt\/wp-json\/wp\/v2\/tags?post=44763"}],"curies":[{"name":"wp","href":"https:\/\/api.w.org\/{rel}","templated":true}]}}