{"id":44771,"date":"2024-10-04T15:29:41","date_gmt":"2024-10-04T15:29:41","guid":{"rendered":"https:\/\/tvbrazilusa.com\/2024\/10\/04\/pgr-solicita-o-arquivamento-da-investigacao-contra-calheiros-braga-e-juca-ignorando-o-indiciamento-da-pf\/"},"modified":"2024-10-04T15:29:42","modified_gmt":"2024-10-04T15:29:42","slug":"pgr-solicita-o-arquivamento-da-investigacao-contra-calheiros-braga-e-juca-ignorando-o-indiciamento-da-pf","status":"publish","type":"post","link":"https:\/\/tvbrazilusa.com\/pt\/2024\/10\/04\/pgr-solicita-o-arquivamento-da-investigacao-contra-calheiros-braga-e-juca-ignorando-o-indiciamento-da-pf\/","title":{"rendered":"PGR solicita o arquivamento da investiga\u00e7\u00e3o contra Calheiros, Braga e Juc\u00e1, ignorando o indiciamento da PF"},"content":{"rendered":"<p> <script async src=\"https:\/\/pagead2.googlesyndication.com\/pagead\/js\/adsbygoogle.js?client=ca-pub-8864793242727901\"\r\n     crossorigin=\"anonymous\"><\/script><br \/>\n<\/p>\n<div id=\"taboola-read-more\" style=\"display:block; width:100%\">\n<p>O procurador-geral da Rep\u00fablica, Paulo Gonet, pediu ao Supremo Tribunal Federal (STF) nesta quinta-feira (3) que arquive um inqu\u00e9rito criminal que investiga tr\u00eas senadores.<\/p>\n<p>A investiga\u00e7\u00e3o mira os senadores Eduardo Braga (MDB-AM), Renan Calheiros (MDB-AL) e Romero Juc\u00e1 (MDB-RR) por supostamente receberem propina para favorecer interesses do grupo farmac\u00eautico Hypermarcas (hoje, Hypera Farma) no Senado.<\/p>\n<p>O parecer foi enviado ao Supremo ap\u00f3s a Pol\u00edcia Federal (PF) indiciar os tr\u00eas pol\u00edticos depois de encontrar ind\u00edcios de que eles haviam cometido crimes.<\/p>\n<p>Gonet, no entanto, discordou da PF. Na vis\u00e3o do PGR, os elementos reunidos durante a investiga\u00e7\u00e3o \u201cn\u00e3o foram suficientes\u201d para comprovar o envolvimento dos congressistas.<\/p>\n<p>\u201cN\u00e3o h\u00e1 evid\u00eancias que demonstrem que os parlamentares foram destinat\u00e1rios finais das vantagens il\u00edcitas\u201d, escreveu o procurador-geral em seu parecer.<\/p>\n<p>Gonet tamb\u00e9m pediu que, com a exclus\u00e3o dos senadores, a investiga\u00e7\u00e3o prossiga em primeira inst\u00e2ncia \u2013 na Justi\u00e7a do Distrito Federal \u2013 para apurar a participa\u00e7\u00e3o de outras pessoas que n\u00e3o t\u00eam foro privilegiado.<\/p>\n<p>O pedido do PGR ser\u00e1 analisado pelo relator da a\u00e7\u00e3o, o ministro Edson Fachin.<\/p>\n<p>A praxe nesse tipo de pedido \u00e9 que o STF concorde com a PGR, uma vez que o Minist\u00e9rio P\u00fablico \u00e9 o \u00f3rg\u00e3o acusador no sistema de Justi\u00e7a.\n<\/p>\n<p>Fonte: Conex\u00e3o Pol\u00edtica<\/p>\n<\/p><\/div>\n<p><br \/>\n<br \/><a href=\"https:\/\/diariodobrasilnoticias.com.br\/noticia\/pgr-solicita-o-arquivamento-da-investigacao-contra-calheiros-braga-e-juca-ignorando-o-indiciamento-da-pf-66fff1f99960a\">Source link <\/a><\/p>","protected":false},"excerpt":{"rendered":"<p>O procurador-geral da Rep\u00fablica, Paulo Gonet, pediu ao Supremo Tribunal Federal (STF) nesta quinta-feira (3) que arquive um inqu\u00e9rito criminal que investiga tr\u00eas senadores. A investiga\u00e7\u00e3o mira os senadores Eduardo&hellip;<\/p>","protected":false},"author":1,"featured_media":44772,"comment_status":"closed","ping_status":"open","sticky":false,"template":"","format":"standard","meta":{"content-type":"","footnotes":""},"categories":[16],"tags":[123,2448,5313,1267],"class_list":["post-44771","post","type-post","status-publish","format-standard","has-post-thumbnail","hentry","category-noticias","tag-brasil","tag-diario","tag-noticia","tag-noticias"],"_links":{"self":[{"href":"https:\/\/tvbrazilusa.com\/pt\/wp-json\/wp\/v2\/posts\/44771","targetHints":{"allow":["GET"]}}],"collection":[{"href":"https:\/\/tvbrazilusa.com\/pt\/wp-json\/wp\/v2\/posts"}],"about":[{"href":"https:\/\/tvbrazilusa.com\/pt\/wp-json\/wp\/v2\/types\/post"}],"author":[{"embeddable":true,"href":"https:\/\/tvbrazilusa.com\/pt\/wp-json\/wp\/v2\/users\/1"}],"replies":[{"embeddable":true,"href":"https:\/\/tvbrazilusa.com\/pt\/wp-json\/wp\/v2\/comments?post=44771"}],"version-history":[{"count":1,"href":"https:\/\/tvbrazilusa.com\/pt\/wp-json\/wp\/v2\/posts\/44771\/revisions"}],"predecessor-version":[{"id":44773,"href":"https:\/\/tvbrazilusa.com\/pt\/wp-json\/wp\/v2\/posts\/44771\/revisions\/44773"}],"wp:featuredmedia":[{"embeddable":true,"href":"https:\/\/tvbrazilusa.com\/pt\/wp-json\/wp\/v2\/media\/44772"}],"wp:attachment":[{"href":"https:\/\/tvbrazilusa.com\/pt\/wp-json\/wp\/v2\/media?parent=44771"}],"wp:term":[{"taxonomy":"category","embeddable":true,"href":"https:\/\/tvbrazilusa.com\/pt\/wp-json\/wp\/v2\/categories?post=44771"},{"taxonomy":"post_tag","embeddable":true,"href":"https:\/\/tvbrazilusa.com\/pt\/wp-json\/wp\/v2\/tags?post=44771"}],"curies":[{"name":"wp","href":"https:\/\/api.w.org\/{rel}","templated":true}]}}