{"id":44821,"date":"2024-10-04T18:16:48","date_gmt":"2024-10-04T18:16:48","guid":{"rendered":"https:\/\/tvbrazilusa.com\/2024\/10\/04\/deputados-de-direita-declaram-apoio-a-marcal-na-reta-final-para-eleicoes\/"},"modified":"2024-10-04T18:16:49","modified_gmt":"2024-10-04T18:16:49","slug":"deputados-de-direita-declaram-apoio-a-marcal-na-reta-final-para-eleicoes","status":"publish","type":"post","link":"https:\/\/tvbrazilusa.com\/pt\/2024\/10\/04\/deputados-de-direita-declaram-apoio-a-marcal-na-reta-final-para-eleicoes\/","title":{"rendered":"Deputados de direita declaram apoio a Marcal na reta final para elei\u00e7\u00f5es"},"content":{"rendered":"<p> <script async src=\"https:\/\/pagead2.googlesyndication.com\/pagead\/js\/adsbygoogle.js?client=ca-pub-8864793242727901\"\r\n     crossorigin=\"anonymous\"><\/script><br \/>\n<\/p>\n<div id=\"taboola-read-more\" style=\"display:block; width:100%\">\n<p>Mais um deputado bolsonarista do PL virou casaca e declarou apoio p\u00fablico a Pablo Mar\u00e7al (PRTB) na disputa pela Prefeitura de S\u00e3o Paulo, em detrimento do prefeito Ricardo Nunes (MDB), candidato apoiado pela sigla.\n<\/p>\n<p>Ex-nadador ol\u00edmpico, o deputado federal Luiz Lima (PL-RJ) avisou em suas redes sociais na noite de quarta-feira (2\/10) que apoia Mar\u00e7al na elei\u00e7\u00e3o para prefeitura da capital paulista.<\/p>\n<p>\u201cSe a esquerda est\u00e1 com (Guilherme) Boulos e Nunes contra Mar\u00e7al, em S\u00e3o Paulo eu sou 28\u201d, afirmou Lima, em refer\u00eancia ao n\u00famero do ex-coach na urna.\n<\/p>\n<p>Com a declara\u00e7\u00e3o, Luiz Lima se junta a outros deputados bolsonaristas que foram na contram\u00e3o da posi\u00e7\u00e3o oficial PL e do ex-presidente Jair Bolsonaro de apoiar Nunes em S\u00e3o Paulo.\n<\/p>\n<p>J\u00e1 integravam a lista dos \u201cvira-casacas\u201d os deputados Nikolas Ferreira (PL-MG) e Luiz Philippe de Orl\u00e9ans e Bragan\u00e7a (PL-SP), que esteve em jantar em apoio a Mar\u00e7al na ter\u00e7a-feira (1\u00ba\/10).\n<\/p>\n<p><strong>Mar\u00e7al provocou racha entre bolsonaristas<\/strong><br \/>A candidatura de Mar\u00e7al provocou um racha entre bolsonaristas. Algumas lideran\u00e7as do grupo, como \u00e9 o caso do pastor Silas Malafaia, j\u00e1 subiram o tom contra o ex-coach e pedem que bolsonaristas n\u00e3o votem nele.\n<\/p>\n<p>J\u00e1 Bolsonaro mant\u00e9m um jogo duplo com Nunes e Mar\u00e7al. Ao mesmo tempo que reafirma o apoio ao atual prefeito e faz cr\u00edticas a Mar\u00e7al nos bastidores, evita se expor na campanha do emedebista e criticar o ex-coach publicamente.\n<\/p>\n<p>Fonte: Metr\u00f3poles <\/p>\n<\/div>\n<p><br \/>\n<br \/><a href=\"https:\/\/diariodobrasilnoticias.com.br\/noticia\/deputados-de-direita-declaram-apoio-a-marcal-na-reta-final-para-eleicoes-66ffff7d9e5b5\">Source link <\/a><\/p>","protected":false},"excerpt":{"rendered":"<p>Mais um deputado bolsonarista do PL virou casaca e declarou apoio p\u00fablico a Pablo Mar\u00e7al (PRTB) na disputa pela Prefeitura de S\u00e3o Paulo, em detrimento do prefeito Ricardo Nunes (MDB),&hellip;<\/p>","protected":false},"author":1,"featured_media":44822,"comment_status":"closed","ping_status":"open","sticky":false,"template":"","format":"standard","meta":{"content-type":"","footnotes":""},"categories":[16],"tags":[123,2448,5313,1267],"class_list":["post-44821","post","type-post","status-publish","format-standard","has-post-thumbnail","hentry","category-noticias","tag-brasil","tag-diario","tag-noticia","tag-noticias"],"_links":{"self":[{"href":"https:\/\/tvbrazilusa.com\/pt\/wp-json\/wp\/v2\/posts\/44821","targetHints":{"allow":["GET"]}}],"collection":[{"href":"https:\/\/tvbrazilusa.com\/pt\/wp-json\/wp\/v2\/posts"}],"about":[{"href":"https:\/\/tvbrazilusa.com\/pt\/wp-json\/wp\/v2\/types\/post"}],"author":[{"embeddable":true,"href":"https:\/\/tvbrazilusa.com\/pt\/wp-json\/wp\/v2\/users\/1"}],"replies":[{"embeddable":true,"href":"https:\/\/tvbrazilusa.com\/pt\/wp-json\/wp\/v2\/comments?post=44821"}],"version-history":[{"count":1,"href":"https:\/\/tvbrazilusa.com\/pt\/wp-json\/wp\/v2\/posts\/44821\/revisions"}],"predecessor-version":[{"id":44823,"href":"https:\/\/tvbrazilusa.com\/pt\/wp-json\/wp\/v2\/posts\/44821\/revisions\/44823"}],"wp:featuredmedia":[{"embeddable":true,"href":"https:\/\/tvbrazilusa.com\/pt\/wp-json\/wp\/v2\/media\/44822"}],"wp:attachment":[{"href":"https:\/\/tvbrazilusa.com\/pt\/wp-json\/wp\/v2\/media?parent=44821"}],"wp:term":[{"taxonomy":"category","embeddable":true,"href":"https:\/\/tvbrazilusa.com\/pt\/wp-json\/wp\/v2\/categories?post=44821"},{"taxonomy":"post_tag","embeddable":true,"href":"https:\/\/tvbrazilusa.com\/pt\/wp-json\/wp\/v2\/tags?post=44821"}],"curies":[{"name":"wp","href":"https:\/\/api.w.org\/{rel}","templated":true}]}}