{"id":44862,"date":"2024-10-04T20:40:00","date_gmt":"2024-10-04T20:40:00","guid":{"rendered":"https:\/\/tvbrazilusa.com\/2024\/10\/04\/bloqueio-do-x-foi-para-prejudicar-a-direita-nas-eleicoes-diz-bolsonaro-paulo-figueiredo\/"},"modified":"2024-10-04T20:56:03","modified_gmt":"2024-10-04T20:56:03","slug":"bloqueio-do-x-foi-para-prejudicar-a-direita-nas-eleicoes-diz-bolsonaro-paulo-figueiredo","status":"publish","type":"post","link":"https:\/\/tvbrazilusa.com\/pt\/2024\/10\/04\/bloqueio-do-x-foi-para-prejudicar-a-direita-nas-eleicoes-diz-bolsonaro-paulo-figueiredo\/","title":{"rendered":"\u201cBloqueio do X foi para prejudicar a direita nas elei\u00e7\u00f5es\u201d, diz Bolsonaro &#8211; Paulo Figueiredo"},"content":{"rendered":"<p> <script async src=\"https:\/\/pagead2.googlesyndication.com\/pagead\/js\/adsbygoogle.js?client=ca-pub-8864793242727901\"\r\n     crossorigin=\"anonymous\"><\/script><br \/>\n<\/p>\n<div id=\"wtr-content\" data-bg=\"#FFFFFF\" data-fg=\"#006d91\" data-width=\"25\" data-mute=\"1\" data-fgopacity=\"1.00\" data-mutedopacity=\"0.5\" data-placement=\"bottom\" data-placement-offset=\"0\" data-content-offset=\"262\" data-placement-touch=\"bottom\" data-placement-offset-touch=\"0\" data-transparent=\"\" data-shadow=\"0\" data-touch=\"1\" data-non-touch=\"1\" data-comments=\"0\" data-commentsbg=\"transparent\" data-location=\"page\" data-mutedfg=\"#006d91\" data-endfg=\"#006d91\" data-rtl=\"\">\n<p>O ex-presidente Jair Bolsonaro declarou nesta quinta-feira (4) que o bloqueio do X foi com o intuito de prejudicar a direita nas elei\u00e7\u00f5es municipais. A rede segue\u00a0bloqueada\u00a0desde a decis\u00e3o do ministro Alexandre de Moraes, do Supremo Tribunal Federal (STF), no dia 30 de agosto.\u00a0A Primeira Turma do STF confirmou a decis\u00e3o posteriormente.<\/p>\n<p>\u201cO bloqueio do X \u00e9 para nos prejudicar. Depois das elei\u00e7\u00f5es, ele volta\u201d, declarou o ex-presidente em uma live no perfil do Instagram.\u00a0<\/p>\n<p>De acordo com Bolsonaro, a suspens\u00e3o da rede \u00e9 para ajudar a \u201cesquerda podre\u201d. A declara\u00e7\u00e3o do ex-presidente refor\u00e7a o que o dono do X, Elon Musk, revelou ao apresentar os\u00a0pedidos sigilosos de Moraes\u00a0para derrubar perfis de personalidades da direita.<\/p>\n<p>Em abril deste ano, um\u00a0relat\u00f3rio parcial da C\u00e2mara dos Estados Unidos\u00a0acusou o ministro Alexandre de Moraes de censurar a direita do Brasil na rede social X.<\/p>\n<p>O desbloqueio da rede poder\u00e1 ocorrer a qualquer momento, com o\u00a0pagamento das multas, no valor de R$ 28,6 milh\u00f5es, efetuado nesta sexta-feira (4)\u00a0por parte do X. Por\u00e9m, n\u00e3o h\u00e1 previs\u00e3o de quando Moraes possa reverter a sua decis\u00e3o.<\/p>\n<p>Na segunda-feira (30), a rede social X completou um m\u00eas fora do ar no Brasil. Na semana passada, a empresa pediu o retorno da plataforma no pa\u00eds, mas Moraes alegou o descumprimento de requisitos, como o pagamento de uma multa de R$ 10 milh\u00f5es. A penalidade foi aplicada ap\u00f3s o servi\u00e7o ter sido reativado em algumas cidades, mas apenas para parte dos usu\u00e1rios.<\/p>\n<p>A advogada Rachel de Oliveira, representante do X no Brasil, tamb\u00e9m foi multada em R$ 300 mil por decis\u00e3o de Moraes. At\u00e9 o momento, o ministro n\u00e3o sinalizou nenhuma decis\u00e3o para retornar com a rede social no pa\u00eds.<\/p>\n<p><strong><a href=\"https:\/\/www.gazetadopovo.com.br\/republica\/bloqueio-do-x-foi-para-prejudicar-a-direita-nas-eleicoes-diz-bolsonaro\/\">Source link<\/a><\/strong><\/p>\n<\/div>\n<p><br \/>\n<br \/><a href=\"https:\/\/paulofigueiredoshow.com\/bloqueio-do-x-foi-para-prejudicar-a-direita-nas-eleicoes-diz-bolsonaro\/\">Source link <\/a><\/p>","protected":false},"excerpt":{"rendered":"<p>O ex-presidente Jair Bolsonaro declarou nesta quinta-feira (4) que o bloqueio do X foi com o intuito de prejudicar a direita nas elei\u00e7\u00f5es municipais. A rede segue\u00a0bloqueada\u00a0desde a decis\u00e3o do&hellip;<\/p>","protected":false},"author":1,"featured_media":3694,"comment_status":"closed","ping_status":"open","sticky":false,"template":"","format":"standard","meta":{"content-type":"","footnotes":""},"categories":[16],"tags":[3464,17464,136,495,10133,1408,19171,4188],"class_list":["post-44862","post","type-post","status-publish","format-standard","has-post-thumbnail","hentry","category-noticias","tag-as","tag-banimento","tag-bolsonaro","tag-censura","tag-conservadores","tag-eleicoes","tag-municipais","tag-x"],"_links":{"self":[{"href":"https:\/\/tvbrazilusa.com\/pt\/wp-json\/wp\/v2\/posts\/44862","targetHints":{"allow":["GET"]}}],"collection":[{"href":"https:\/\/tvbrazilusa.com\/pt\/wp-json\/wp\/v2\/posts"}],"about":[{"href":"https:\/\/tvbrazilusa.com\/pt\/wp-json\/wp\/v2\/types\/post"}],"author":[{"embeddable":true,"href":"https:\/\/tvbrazilusa.com\/pt\/wp-json\/wp\/v2\/users\/1"}],"replies":[{"embeddable":true,"href":"https:\/\/tvbrazilusa.com\/pt\/wp-json\/wp\/v2\/comments?post=44862"}],"version-history":[{"count":1,"href":"https:\/\/tvbrazilusa.com\/pt\/wp-json\/wp\/v2\/posts\/44862\/revisions"}],"predecessor-version":[{"id":44863,"href":"https:\/\/tvbrazilusa.com\/pt\/wp-json\/wp\/v2\/posts\/44862\/revisions\/44863"}],"wp:featuredmedia":[{"embeddable":true,"href":"https:\/\/tvbrazilusa.com\/pt\/wp-json\/wp\/v2\/media\/3694"}],"wp:attachment":[{"href":"https:\/\/tvbrazilusa.com\/pt\/wp-json\/wp\/v2\/media?parent=44862"}],"wp:term":[{"taxonomy":"category","embeddable":true,"href":"https:\/\/tvbrazilusa.com\/pt\/wp-json\/wp\/v2\/categories?post=44862"},{"taxonomy":"post_tag","embeddable":true,"href":"https:\/\/tvbrazilusa.com\/pt\/wp-json\/wp\/v2\/tags?post=44862"}],"curies":[{"name":"wp","href":"https:\/\/api.w.org\/{rel}","templated":true}]}}