{"id":44867,"date":"2024-10-04T21:12:11","date_gmt":"2024-10-04T21:12:11","guid":{"rendered":"https:\/\/tvbrazilusa.com\/2024\/10\/04\/lula-retira-urgencia-da-tributaria-e-destrava-pauta-no-senado-paulo-figueiredo\/"},"modified":"2024-10-04T21:23:21","modified_gmt":"2024-10-04T21:23:21","slug":"lula-retira-urgencia-da-tributaria-e-destrava-pauta-no-senado-paulo-figueiredo","status":"publish","type":"post","link":"https:\/\/tvbrazilusa.com\/pt\/2024\/10\/04\/lula-retira-urgencia-da-tributaria-e-destrava-pauta-no-senado-paulo-figueiredo\/","title":{"rendered":"Lula retira urg\u00eancia da tribut\u00e1ria e destrava pauta no Senado &#8211; Paulo Figueiredo"},"content":{"rendered":"<p> <script async src=\"https:\/\/pagead2.googlesyndication.com\/pagead\/js\/adsbygoogle.js?client=ca-pub-8864793242727901\"\r\n     crossorigin=\"anonymous\"><\/script><br \/>\n<\/p>\n<div id=\"wtr-content\" data-bg=\"#FFFFFF\" data-fg=\"#006d91\" data-width=\"25\" data-mute=\"1\" data-fgopacity=\"1.00\" data-mutedopacity=\"0.5\" data-placement=\"bottom\" data-placement-offset=\"0\" data-content-offset=\"262\" data-placement-touch=\"bottom\" data-placement-offset-touch=\"0\" data-transparent=\"\" data-shadow=\"0\" data-touch=\"1\" data-non-touch=\"1\" data-comments=\"0\" data-commentsbg=\"transparent\" data-location=\"page\" data-mutedfg=\"#006d91\" data-endfg=\"#006d91\" data-rtl=\"\">\n<p class=\"has-small-font-size\">Foto: EFE\/Andr\u00e9 Borges<\/p>\n<h3 class=\"wp-block-heading\">Temia-se que a sabatina de Gal\u00edpolo para o Banco Central fosse prejudicada pela pauta travada por causa da tribut\u00e1ria.<\/h3>\n<p>O governo federal retirou a urg\u00eancia constitucional do PLP (Projeto de Lei Complementar) 68\/2024,\u00a0um dos textos da reforma tribut\u00e1ria, como forma de evitar desgastes com o Congresso Nacional. O status trancava a pauta do Senado desde 23 de setembro por descumprimento ao prazo de vota\u00e7\u00e3o. O cancelamento da urg\u00eancia foi publicado no\u00a0<em>DOU<\/em>\u00a0(<em>Di\u00e1rio Oficial da Uni\u00e3o<\/em>). <\/p>\n<p>A retirada do regime de urg\u00eancia era uma demanda do presidente da Casa Baixa,\u00a0Rodrigo Pacheco\u00a0(PSD-MG). O projeto foi\u00a0aprovado em julho\u00a0na C\u00e2mara, mas n\u00e3o foi apreciado pela CCJ (Comiss\u00e3o de Constitui\u00e7\u00e3o e Justi\u00e7a) do Senado, onde ser\u00e1 relatado por\u00a0Eduardo Braga\u00a0(MDB-AM). O texto j\u00e1 recebeu mais de 1.267 emendas dos senadores.<\/p>\n<p>A tend\u00eancia era de que o presidente\u00a0Luiz In\u00e1cio Lula da Silva\u00a0(PT) cedesse ao pedido depois da viagem dos Estados Unidos. Ele retornou do pa\u00eds em 25 de setembro.<\/p>\n<p>Temia-se que, sem a retirada da urg\u00eancia da tribut\u00e1ria, a\u00a0vota\u00e7\u00e3o da indica\u00e7\u00e3o\u00a0de Gabriel Gal\u00edpolo para a Presid\u00eancia do BC (Banco Central), marcada para 8 de outubro, fosse inviabilizada. Contudo, a assessoria do Senado disse ao\u00a0<strong>Poder360<\/strong>\u00a0que o impedimento n\u00e3o afeta indica\u00e7\u00f5es de autoridades e, portanto, n\u00e3o prejudicaria o calend\u00e1rio para Gal\u00edpolo.\u00a0Ele precisa da aprova\u00e7\u00e3o da Casa para ser oficializado no cargo.<\/p>\n<p>O Senado estava h\u00e1 9 anos sem ter a pauta trancada por descumprir o prazo de urg\u00eancia constitucional de um projeto. O \u00faltimo caso semelhante havia sido em outubro de 2015. Naquela ocasi\u00e3o, senadores n\u00e3o puderam pautar propostas por 23 dias por causa do\u00a0projeto\u00a0do governo\u00a0Dilma Rousseff\u00a0(PT) que definia penas para o crime de terrorismo.<\/p>\n<h3 class=\"wp-block-heading\"><strong>ENTENDA A URG\u00caNCIA CONSTITUCIONAL<\/strong><\/h3>\n<p>A\u00a0urg\u00eancia constitucional\u00a0\u00e9 pedida pela Presid\u00eancia da Rep\u00fablica e serve para obrigar o Congresso a avaliar propostas consideradas priorit\u00e1rias para o Executivo. Com essa urg\u00eancia, C\u00e2mara e Senado t\u00eam, cada, 45 dias para vot\u00e1-las.\u00a0<\/p>\n<p>Caso o prazo termine, a Casa que descumpriu fica com a \u201cpauta trancada\u201d, ou seja, os congressistas n\u00e3o podem escolher quais textos analisar at\u00e9 a conclus\u00e3o da proposta enviada pela Presid\u00eancia.\u00a0<\/p>\n<p>Isso prejudica a agenda do Congresso e causa irrita\u00e7\u00e3o de deputados e senadores com o governo, a quem cabe a retirada\u00a0ou manuten\u00e7\u00e3o da urg\u00eancia constitucional de um projeto.<\/p>\n<h3 class=\"wp-block-heading\"><strong>REFORMA TRIBUT\u00c1RIA<\/strong><\/h3>\n<p>O PLP (Projeto de Lei Complementar)\u00a068 de 2024, o principal texto da regulamenta\u00e7\u00e3o da reforma tribut\u00e1ria, trata da unifica\u00e7\u00e3o dos impostos para a cria\u00e7\u00e3o do IBS (Imposto sobre Bens e Servi\u00e7os) e da CBS (Contribui\u00e7\u00e3o sobre Bens e Servi\u00e7os), para compor o IVA (Imposto sobre Valor Agregado) dual.<\/p>\n<p>Em agosto, a Casa Baixa\u00a0aprovou o texto-base\u00a0do PLP 108 de 2024, o 2\u00ba da regulamenta\u00e7\u00e3o da reforma tribut\u00e1ria, que estabelece as regras do Comit\u00ea Gestor do IBS (Imposto sobre Bens e Servi\u00e7os), que ser\u00e1 respons\u00e1vel por arrecadar o imposto e distribuir o produto da arrecada\u00e7\u00e3o aos Estados e munic\u00edpios.<\/p>\n<p>O texto tamb\u00e9m aborda a transi\u00e7\u00e3o do atual ICMS (Imposto sobre a Circula\u00e7\u00e3o de Mercadorias e Servi\u00e7os) para a nova al\u00edquota e altera a cobran\u00e7a do ITCMD (Imposto sobre Transmiss\u00e3o Causa Mortis e Doa\u00e7\u00e3o de Quaisquer Bens ou Direitos), ou o \u201c<em>imposto da heran\u00e7a<\/em>\u201d<\/p>\n<p>Decis\u00e3o foi publicada no \u201cDi\u00e1rio Oficial da Uni\u00e3o\u201d desta 6\u00aa feira; Casa estava h\u00e1 9 anos sem ter a pauta trancada por descumprir prazos<\/p>\n<p><strong><a href=\"https:\/\/www.poder360.com.br\/poder-congresso\/lula-retira-urgencia-da-tributaria-e-destrava-pauta-no-senado\/\">Source link<\/a><\/strong><\/p>\n<\/div>\n<p><br \/>\n<br \/><a href=\"https:\/\/paulofigueiredoshow.com\/lula-retira-urgencia-da-tributaria-e-destrava-pauta-no-senado\/\">Source link <\/a><\/p>","protected":false},"excerpt":{"rendered":"<p>Foto: EFE\/Andr\u00e9 Borges Temia-se que a sabatina de Gal\u00edpolo para o Banco Central fosse prejudicada pela pauta travada por causa da tribut\u00e1ria. O governo federal retirou a urg\u00eancia constitucional do&hellip;<\/p>","protected":false},"author":1,"featured_media":12724,"comment_status":"closed","ping_status":"open","sticky":false,"template":"","format":"standard","meta":{"content-type":"","footnotes":""},"categories":[16],"tags":[],"class_list":["post-44867","post","type-post","status-publish","format-standard","has-post-thumbnail","hentry","category-noticias"],"_links":{"self":[{"href":"https:\/\/tvbrazilusa.com\/pt\/wp-json\/wp\/v2\/posts\/44867","targetHints":{"allow":["GET"]}}],"collection":[{"href":"https:\/\/tvbrazilusa.com\/pt\/wp-json\/wp\/v2\/posts"}],"about":[{"href":"https:\/\/tvbrazilusa.com\/pt\/wp-json\/wp\/v2\/types\/post"}],"author":[{"embeddable":true,"href":"https:\/\/tvbrazilusa.com\/pt\/wp-json\/wp\/v2\/users\/1"}],"replies":[{"embeddable":true,"href":"https:\/\/tvbrazilusa.com\/pt\/wp-json\/wp\/v2\/comments?post=44867"}],"version-history":[{"count":1,"href":"https:\/\/tvbrazilusa.com\/pt\/wp-json\/wp\/v2\/posts\/44867\/revisions"}],"predecessor-version":[{"id":44868,"href":"https:\/\/tvbrazilusa.com\/pt\/wp-json\/wp\/v2\/posts\/44867\/revisions\/44868"}],"wp:featuredmedia":[{"embeddable":true,"href":"https:\/\/tvbrazilusa.com\/pt\/wp-json\/wp\/v2\/media\/12724"}],"wp:attachment":[{"href":"https:\/\/tvbrazilusa.com\/pt\/wp-json\/wp\/v2\/media?parent=44867"}],"wp:term":[{"taxonomy":"category","embeddable":true,"href":"https:\/\/tvbrazilusa.com\/pt\/wp-json\/wp\/v2\/categories?post=44867"},{"taxonomy":"post_tag","embeddable":true,"href":"https:\/\/tvbrazilusa.com\/pt\/wp-json\/wp\/v2\/tags?post=44867"}],"curies":[{"name":"wp","href":"https:\/\/api.w.org\/{rel}","templated":true}]}}