{"id":44875,"date":"2024-10-04T21:40:14","date_gmt":"2024-10-04T21:40:14","guid":{"rendered":"https:\/\/tvbrazilusa.com\/2024\/10\/04\/exercito-de-israel-neutraliza-sete-terroristas-do-hamas-e-jihad-islamica-em-ataque-na-cisjordania-paulo-figueiredo\/"},"modified":"2024-10-04T21:51:52","modified_gmt":"2024-10-04T21:51:52","slug":"exercito-de-israel-neutraliza-sete-terroristas-do-hamas-e-jihad-islamica-em-ataque-na-cisjordania-paulo-figueiredo","status":"publish","type":"post","link":"https:\/\/tvbrazilusa.com\/pt\/2024\/10\/04\/exercito-de-israel-neutraliza-sete-terroristas-do-hamas-e-jihad-islamica-em-ataque-na-cisjordania-paulo-figueiredo\/","title":{"rendered":"Ex\u00e9rcito de Israel neutraliza sete terroristas do Hamas e Jihad Isl\u00e2mica em ataque na Cisjord\u00e2nia &#8211; Paulo Figueiredo"},"content":{"rendered":"<p> <script async src=\"https:\/\/pagead2.googlesyndication.com\/pagead\/js\/adsbygoogle.js?client=ca-pub-8864793242727901\"\r\n     crossorigin=\"anonymous\"><\/script><br \/>\n<\/p>\n<div id=\"wtr-content\" data-bg=\"#FFFFFF\" data-fg=\"#006d91\" data-width=\"25\" data-mute=\"1\" data-fgopacity=\"1.00\" data-mutedopacity=\"0.5\" data-placement=\"bottom\" data-placement-offset=\"0\" data-content-offset=\"262\" data-placement-touch=\"bottom\" data-placement-offset-touch=\"0\" data-transparent=\"\" data-shadow=\"0\" data-touch=\"1\" data-non-touch=\"1\" data-comments=\"0\" data-commentsbg=\"transparent\" data-location=\"page\" data-mutedfg=\"#006d91\" data-endfg=\"#006d91\" data-rtl=\"\">\n<h3 class=\"wp-block-heading\">Em um acampamento na cidade cisjordaniana de Tulkarem<\/h3>\n<p>O Ex\u00e9rcito de Israel informou nesta sexta-feira que, entre os 18 mortos em um ataque realizado durante a noite contra um acampamento na cidade de Tulkarem, na Cisjord\u00e2nia, ao menos sete s\u00e3o terroristas palestinos.<\/p>\n<p>As For\u00e7as Armadas destacaram que os sete mortos pertenciam aos grupos terroristas Hamas e Jihad Isl\u00e2mica, que foram respons\u00e1veis pelos ataques de 7 de outubro em territ\u00f3rio israelense, nos quais 1.200 pessoas foram assassinadas.<\/p>\n<p>Entre os mortos est\u00e1 Ghaith Radwan, a quem Israel atribui um papel importante dentro da Jihad Isl\u00e2mica. No entanto, fontes palestinas indicam que Radwan faria parte da Brigada dos M\u00e1rtires de Al Aqsa, o bra\u00e7o terrorista dissidente do principal partido da Autoridade Palestina, o Al Fatah.<\/p>\n<p>O Ex\u00e9rcito ressaltou que o principal objetivo da opera\u00e7\u00e3o era o comandante do Hamas, Zahi Yaser Abdelrazaq Ufi, que, segundo informa\u00e7\u00f5es da Intelig\u00eancia israelense, estava preparando um ataque terrorista em comemora\u00e7\u00e3o ao anivers\u00e1rio do in\u00edcio da ofensiva israelense contra a Faixa de Gaza, em 7 de outubro.<\/p>\n<p><strong><a href=\"https:\/\/gaceta.es\/mundo\/un-incendio-destroza-por-completo-la-antigua-iglesia-de-notre-dame-des-sept-allegresses-en-canada-20241004-1711\/\">Source lin<\/a><a href=\"https:\/\/gaceta.es\/mundo\/el-ejercito-de-israel-neutraliza-a-siete-terroristas-de-hamas-y-yihad-islamica-en-su-ataque-en-cisjordania-20241004-1817\/\">k<\/a><\/strong><\/p>\n<\/div>\n<p><br \/>\n<br \/><a href=\"https:\/\/paulofigueiredoshow.com\/exercito-de-israel-neutraliza-sete-terroristas-do-hamas-e-jihad-islamica-em-ataque-na-cisjordania\/\">Source link <\/a><\/p>","protected":false},"excerpt":{"rendered":"<p>Em um acampamento na cidade cisjordaniana de Tulkarem O Ex\u00e9rcito de Israel informou nesta sexta-feira que, entre os 18 mortos em um ataque realizado durante a noite contra um acampamento&hellip;<\/p>","protected":false},"author":1,"featured_media":44876,"comment_status":"closed","ping_status":"open","sticky":false,"template":"","format":"standard","meta":{"content-type":"","footnotes":""},"categories":[16],"tags":[25165,4306,206,25166,25167,4310],"class_list":["post-44875","post","type-post","status-publish","format-standard","has-post-thumbnail","hentry","category-noticias","tag-cisjordania","tag-hamas","tag-israel","tag-jihad-islamica","tag-neutraliza","tag-terroristas"],"_links":{"self":[{"href":"https:\/\/tvbrazilusa.com\/pt\/wp-json\/wp\/v2\/posts\/44875","targetHints":{"allow":["GET"]}}],"collection":[{"href":"https:\/\/tvbrazilusa.com\/pt\/wp-json\/wp\/v2\/posts"}],"about":[{"href":"https:\/\/tvbrazilusa.com\/pt\/wp-json\/wp\/v2\/types\/post"}],"author":[{"embeddable":true,"href":"https:\/\/tvbrazilusa.com\/pt\/wp-json\/wp\/v2\/users\/1"}],"replies":[{"embeddable":true,"href":"https:\/\/tvbrazilusa.com\/pt\/wp-json\/wp\/v2\/comments?post=44875"}],"version-history":[{"count":1,"href":"https:\/\/tvbrazilusa.com\/pt\/wp-json\/wp\/v2\/posts\/44875\/revisions"}],"predecessor-version":[{"id":44877,"href":"https:\/\/tvbrazilusa.com\/pt\/wp-json\/wp\/v2\/posts\/44875\/revisions\/44877"}],"wp:featuredmedia":[{"embeddable":true,"href":"https:\/\/tvbrazilusa.com\/pt\/wp-json\/wp\/v2\/media\/44876"}],"wp:attachment":[{"href":"https:\/\/tvbrazilusa.com\/pt\/wp-json\/wp\/v2\/media?parent=44875"}],"wp:term":[{"taxonomy":"category","embeddable":true,"href":"https:\/\/tvbrazilusa.com\/pt\/wp-json\/wp\/v2\/categories?post=44875"},{"taxonomy":"post_tag","embeddable":true,"href":"https:\/\/tvbrazilusa.com\/pt\/wp-json\/wp\/v2\/tags?post=44875"}],"curies":[{"name":"wp","href":"https:\/\/api.w.org\/{rel}","templated":true}]}}