{"id":44878,"date":"2024-10-04T22:06:39","date_gmt":"2024-10-04T22:06:39","guid":{"rendered":"https:\/\/tvbrazilusa.com\/2024\/10\/04\/stf-inscricoes-para-audiencia-publica-sobre-escolas-civico-militares-em-sp-encerram-nesta-sexta\/"},"modified":"2024-10-04T22:06:41","modified_gmt":"2024-10-04T22:06:41","slug":"stf-inscricoes-para-audiencia-publica-sobre-escolas-civico-militares-em-sp-encerram-nesta-sexta","status":"publish","type":"post","link":"https:\/\/tvbrazilusa.com\/pt\/2024\/10\/04\/stf-inscricoes-para-audiencia-publica-sobre-escolas-civico-militares-em-sp-encerram-nesta-sexta\/","title":{"rendered":"STF: Inscri\u00e7\u00f5es para audi\u00eancia p\u00fablica sobre escolas c\u00edvico-militares em SP encerram nesta sexta"},"content":{"rendered":"<p> <script async src=\"https:\/\/pagead2.googlesyndication.com\/pagead\/js\/adsbygoogle.js?client=ca-pub-8864793242727901\"\r\n     crossorigin=\"anonymous\"><\/script><br \/>\n<\/p>\n<div>\n<figure class=\"post-image\">\n<\/figure>\n<p><span style=\"font-size: 12px\">Foto: Divulga\u00e7\u00e3o\/Prefeitura de Taubat\u00e9<\/span><\/p>\n<div id=\"taboola-read-more\" style=\"display:block; width:100%\">\n<p>O prazo para a inscri\u00e7\u00e3o de entidades convidadas e outros interessados em participar da audi\u00eancia p\u00fablica no Supremo Tribunal Federal (STF) sobre o Programa Escola C\u00edvico-Militar no Estado de S\u00e3o Paulo termina na pr\u00f3xima sexta-feira (04).\n<\/p>\n<p>A audi\u00eancia foi convocada pelo ministro Gilmar Mendes, relator de duas a\u00e7\u00f5es que questionam a lei estadual que institui o programa nas escolas p\u00fablicas estaduais e municipais de educa\u00e7\u00e3o b\u00e1sica.<\/p>\n<p>O evento est\u00e1 previsto para ocorrer no dia 22 de outubro de 2024. As inscri\u00e7\u00f5es devem ser feitas pelo e-mail <a href=\"https:\/\/diariodobrasilnoticias.com.br\/cdn-cgi\/l\/email-protection\" class=\"__cf_email__\" data-cfemail=\"2c4d48451b1a1a1e4d59484549424f454d6c5f584a0246595f024e5e\">[email\u00a0protected]<\/a>, com a indica\u00e7\u00e3o dos representantes e dos t\u00f3picos que pretendem abordar.\n<\/p>\n<p>A discuss\u00e3o est\u00e1 centrada nas A\u00e7\u00f5es Diretas de Inconstitucionalidade (ADIs) 7662 e 7675, apresentadas pelo Partido Socialismo e Liberdade (PSOL) e pelo Partido dos Trabalhadores (PT) contra a Lei Complementar estadual 1.398\/2024, que estabeleceu o programa.\n<\/p>\n<p>Ao convocar a audi\u00eancia, o ministro Gilmar Mendes enfatizou que a coleta de dados e argumentos especializados possibilitar\u00e1 ao STF uma an\u00e1lise mais aprofundada do tema, considerando princ\u00edpios como a liberdade de aprendizagem, ensino e pesquisa, o pluralismo de ideias e concep\u00e7\u00f5es pedag\u00f3gicas, al\u00e9m da gest\u00e3o democr\u00e1tica do ensino.\n<\/p>\n<p><strong>Gazeta Brasil\u00a0<\/strong> <\/p>\n<\/div>\n<div class=\"row mt-3\">\n<div class=\"col-sm-6\">\n<p><a href=\"https:\/\/chat.whatsapp.com\/GwURnmOyPiN1XheGYvCspN\" target=\"_blank\" rel=\"noopener\"><br \/>\n<img decoding=\"async\" src=\"https:\/\/diariodobrasilnoticias.com.br\/assets-site\/images\/bot_whatsapp.png\"\/><\/a>\n<\/div>\n<div class=\"col-sm-6\">\n<a href=\"https:\/\/t.me\/+_4gTmi5LKo03OTM5\" target=\"_blank\" rel=\"noopener\"><br \/>\n<img decoding=\"async\" src=\"https:\/\/diariodobrasilnoticias.com.br\/assets-site\/images\/bot_telegram.png\"\/><\/a>\n<\/div>\n<\/div>\n<\/div>\n<p><br \/>\n<br \/><a href=\"https:\/\/diariodobrasilnoticias.com.br\/noticia\/stf-inscricoes-para-audiencia-publica-sobre-escolas-civico-militares-em-sp-encerram-nesta-sexta-67003fec6874f\">Source link <\/a><\/p>","protected":false},"excerpt":{"rendered":"<p>Foto: Divulga\u00e7\u00e3o\/Prefeitura de Taubat\u00e9 O prazo para a inscri\u00e7\u00e3o de entidades convidadas e outros interessados em participar da audi\u00eancia p\u00fablica no Supremo Tribunal Federal (STF) sobre o Programa Escola C\u00edvico-Militar&hellip;<\/p>","protected":false},"author":1,"featured_media":44879,"comment_status":"closed","ping_status":"open","sticky":false,"template":"","format":"standard","meta":{"content-type":"","footnotes":""},"categories":[16],"tags":[123,2448,5313,1267],"class_list":["post-44878","post","type-post","status-publish","format-standard","has-post-thumbnail","hentry","category-noticias","tag-brasil","tag-diario","tag-noticia","tag-noticias"],"_links":{"self":[{"href":"https:\/\/tvbrazilusa.com\/pt\/wp-json\/wp\/v2\/posts\/44878","targetHints":{"allow":["GET"]}}],"collection":[{"href":"https:\/\/tvbrazilusa.com\/pt\/wp-json\/wp\/v2\/posts"}],"about":[{"href":"https:\/\/tvbrazilusa.com\/pt\/wp-json\/wp\/v2\/types\/post"}],"author":[{"embeddable":true,"href":"https:\/\/tvbrazilusa.com\/pt\/wp-json\/wp\/v2\/users\/1"}],"replies":[{"embeddable":true,"href":"https:\/\/tvbrazilusa.com\/pt\/wp-json\/wp\/v2\/comments?post=44878"}],"version-history":[{"count":1,"href":"https:\/\/tvbrazilusa.com\/pt\/wp-json\/wp\/v2\/posts\/44878\/revisions"}],"predecessor-version":[{"id":44880,"href":"https:\/\/tvbrazilusa.com\/pt\/wp-json\/wp\/v2\/posts\/44878\/revisions\/44880"}],"wp:featuredmedia":[{"embeddable":true,"href":"https:\/\/tvbrazilusa.com\/pt\/wp-json\/wp\/v2\/media\/44879"}],"wp:attachment":[{"href":"https:\/\/tvbrazilusa.com\/pt\/wp-json\/wp\/v2\/media?parent=44878"}],"wp:term":[{"taxonomy":"category","embeddable":true,"href":"https:\/\/tvbrazilusa.com\/pt\/wp-json\/wp\/v2\/categories?post=44878"},{"taxonomy":"post_tag","embeddable":true,"href":"https:\/\/tvbrazilusa.com\/pt\/wp-json\/wp\/v2\/tags?post=44878"}],"curies":[{"name":"wp","href":"https:\/\/api.w.org\/{rel}","templated":true}]}}