{"id":44881,"date":"2024-10-04T22:20:07","date_gmt":"2024-10-04T22:20:07","guid":{"rendered":"https:\/\/tvbrazilusa.com\/2024\/10\/04\/medico-frances-defensor-da-cloroquina-e-impedido-de-exercer-a-profissao\/"},"modified":"2024-10-04T22:20:08","modified_gmt":"2024-10-04T22:20:08","slug":"medico-frances-defensor-da-cloroquina-e-impedido-de-exercer-a-profissao","status":"publish","type":"post","link":"https:\/\/tvbrazilusa.com\/pt\/2024\/10\/04\/medico-frances-defensor-da-cloroquina-e-impedido-de-exercer-a-profissao\/","title":{"rendered":"M\u00e9dico franc\u00eas defensor da cloroquina \u00e9 impedido de exercer a profiss\u00e3o"},"content":{"rendered":"<p> <script async src=\"https:\/\/pagead2.googlesyndication.com\/pagead\/js\/adsbygoogle.js?client=ca-pub-8864793242727901\"\r\n     crossorigin=\"anonymous\"><\/script><br \/>\n<\/p>\n<div id=\"taboola-read-more\" style=\"display:block; width:100%\">\n<p>O microbiologista franc\u00eas Didier Raoult, amplamente conhecido por sua defesa da cloroquina e da hidroxicloroquina no tratamento da Covid-19, foi proibido de exercer a medicina por 2 anos, a partir de 1\u00ba de fevereiro de 2024.\n<\/p>\n<p>A decis\u00e3o, tomada pela c\u00e2mara disciplinar nacional, representa uma san\u00e7\u00e3o mais severa do que a reprimenda aplicada em 2021, conforme informa o jornal Le Parisien.<\/p>\n<p>O caso de Raoult ganhou notoriedade durante a pandemia de Covid-19, quando ele desafiou a comunidade cient\u00edfica ao promover o uso do medicamento contra o novo coronav\u00edrus. Seu nome foi amplamente utilizado por defensores do chamado \u201ckit Covid\u201d no Brasil.\n<\/p>\n<p>A principal acusa\u00e7\u00e3o contra o ex-diretor do Instituto Hospitalar Universit\u00e1rio (IHU) de Marselha foi a promo\u00e7\u00e3o da hidroxicloroquina, um tratamento que, segundo a c\u00e2mara disciplinar, carecia de dados cient\u00edficos robustos para ser recomendado.\n<\/p>\n<p>Raoult foi criticado por agir de maneira imprudente em suas declara\u00e7\u00f5es p\u00fablicas, incentivando o uso de uma terapia que n\u00e3o havia sido suficientemente testada, o que fere os princ\u00edpios do c\u00f3digo de sa\u00fade p\u00fablica franc\u00eas.\n<\/p>\n<p>Al\u00e9m disso, Raoult conduziu um estudo cl\u00ednico com cerca de 30 mil pacientes sem a devida autoriza\u00e7\u00e3o das autoridades sanit\u00e1rias, caracterizado como um \u201censaio cl\u00ednico selvagem\u201d por seus cr\u00edticos.\n<\/p>\n<p>Embora tenha evitado tratar pacientes com fatores de risco elevados, sua conduta foi severamente condenada por desrespeitar as normas legais para a realiza\u00e7\u00e3o de pesquisas biom\u00e9dicas.\n<\/p>\n<p>O c\u00f3digo de sa\u00fade p\u00fablica franc\u00eas estabelece que qualquer pesquisa deve seguir rigorosamente as regulamenta\u00e7\u00f5es vigentes.\n<\/p>\n<p>Raoult, que se aposentou em 2022, tamb\u00e9m foi punido por violar o c\u00f3digo de confraternidade m\u00e9dica.\n<\/p>\n<p>Durante a pandemia, Didier Raoult fez declara\u00e7\u00f5es consideradas \u201cofensivas\u201d contra outros profissionais de sa\u00fade, chegando a acusar um colega de realizar ensaios que teriam causado a morte de crian\u00e7as. Esse tipo de comportamento foi considerado inaceit\u00e1vel pelos reguladores, que afirmaram que Raoult ultrapassou os limites da liberdade de express\u00e3o.\n<\/p>\n<p>Cr\u00edtico das pol\u00edticas de vacina\u00e7\u00e3o em massa e dos confinamentos impostos pelo governo, Didier Raoult se tornou uma figura polarizadora na Fran\u00e7a. Apesar de ser rejeitado por uma parte significativa da comunidade cient\u00edfica, conquistou o apoio de grupos que questionavam a gest\u00e3o da crise sanit\u00e1ria.\n<\/p>\n<p>No entanto, sua postura p\u00fablica foi considerada prejudicial \u00e0s medidas de sa\u00fade p\u00fablica, segundo o relat\u00f3rio da c\u00e2mara disciplinar.\n<\/p>\n<p>Embora a decis\u00e3o contra Didier Raoult tenha um car\u00e1ter majoritariamente simb\u00f3lico, dado que ele n\u00e3o exerce mais a medicina, levanta quest\u00f5es sobre a \u00e9tica e a responsabilidade de m\u00e9dicos em posi\u00e7\u00f5es de influ\u00eancia. A investiga\u00e7\u00e3o judicial sobre suas suspeitas de ensaios cl\u00ednicos n\u00e3o autorizados continua em andamento.\n<\/p>\n<p><strong>Gazeta Brasil\u00a0<\/strong> <\/p>\n<\/div>\n<p><br \/>\n<br \/><a href=\"https:\/\/diariodobrasilnoticias.com.br\/noticia\/medico-frances-defensor-da-cloroquina-e-impedido-de-exercer-a-profissao-67003f546ff12\">Source link <\/a><\/p>","protected":false},"excerpt":{"rendered":"<p>O microbiologista franc\u00eas Didier Raoult, amplamente conhecido por sua defesa da cloroquina e da hidroxicloroquina no tratamento da Covid-19, foi proibido de exercer a medicina por 2 anos, a partir&hellip;<\/p>","protected":false},"author":1,"featured_media":44882,"comment_status":"closed","ping_status":"open","sticky":false,"template":"","format":"standard","meta":{"content-type":"","footnotes":""},"categories":[16],"tags":[123,2448,5313,1267],"class_list":["post-44881","post","type-post","status-publish","format-standard","has-post-thumbnail","hentry","category-noticias","tag-brasil","tag-diario","tag-noticia","tag-noticias"],"_links":{"self":[{"href":"https:\/\/tvbrazilusa.com\/pt\/wp-json\/wp\/v2\/posts\/44881","targetHints":{"allow":["GET"]}}],"collection":[{"href":"https:\/\/tvbrazilusa.com\/pt\/wp-json\/wp\/v2\/posts"}],"about":[{"href":"https:\/\/tvbrazilusa.com\/pt\/wp-json\/wp\/v2\/types\/post"}],"author":[{"embeddable":true,"href":"https:\/\/tvbrazilusa.com\/pt\/wp-json\/wp\/v2\/users\/1"}],"replies":[{"embeddable":true,"href":"https:\/\/tvbrazilusa.com\/pt\/wp-json\/wp\/v2\/comments?post=44881"}],"version-history":[{"count":1,"href":"https:\/\/tvbrazilusa.com\/pt\/wp-json\/wp\/v2\/posts\/44881\/revisions"}],"predecessor-version":[{"id":44883,"href":"https:\/\/tvbrazilusa.com\/pt\/wp-json\/wp\/v2\/posts\/44881\/revisions\/44883"}],"wp:featuredmedia":[{"embeddable":true,"href":"https:\/\/tvbrazilusa.com\/pt\/wp-json\/wp\/v2\/media\/44882"}],"wp:attachment":[{"href":"https:\/\/tvbrazilusa.com\/pt\/wp-json\/wp\/v2\/media?parent=44881"}],"wp:term":[{"taxonomy":"category","embeddable":true,"href":"https:\/\/tvbrazilusa.com\/pt\/wp-json\/wp\/v2\/categories?post=44881"},{"taxonomy":"post_tag","embeddable":true,"href":"https:\/\/tvbrazilusa.com\/pt\/wp-json\/wp\/v2\/tags?post=44881"}],"curies":[{"name":"wp","href":"https:\/\/api.w.org\/{rel}","templated":true}]}}