{"id":44884,"date":"2024-10-04T22:32:23","date_gmt":"2024-10-04T22:32:23","guid":{"rendered":"https:\/\/tvbrazilusa.com\/2024\/10\/04\/roger-waters-ex-integrante-do-pink-floyd-pede-votos-para-o-psol\/"},"modified":"2024-10-04T22:32:24","modified_gmt":"2024-10-04T22:32:24","slug":"roger-waters-ex-integrante-do-pink-floyd-pede-votos-para-o-psol","status":"publish","type":"post","link":"https:\/\/tvbrazilusa.com\/pt\/2024\/10\/04\/roger-waters-ex-integrante-do-pink-floyd-pede-votos-para-o-psol\/","title":{"rendered":"Roger Waters, ex-integrante do Pink Floyd, pede votos para o PSOL"},"content":{"rendered":"<p> <script async src=\"https:\/\/pagead2.googlesyndication.com\/pagead\/js\/adsbygoogle.js?client=ca-pub-8864793242727901\"\r\n     crossorigin=\"anonymous\"><\/script><br \/>\n<\/p>\n<div id=\"taboola-read-more\" style=\"display:block; width:100%\">\n<p>Roger Waters, ex-integrante do Pink Floyd, gravou v\u00eddeos para apoiar candidatos do PSOL nas elei\u00e7\u00f5es municipais do Rio de Janeiro. Ele manifestou apoio a Tarc\u00edsio Motta, que disputa a prefeitura da capital, e a Monica Ben\u00edcio, candidata \u00e0 reelei\u00e7\u00e3o como vereadora. A informa\u00e7\u00e3o \u00e9 do jornal O Globo.\n<\/p>\n<p>Monica \u00e9 vi\u00fava de Marielle Franco, assassinada em 2018. As mensagens gravadas pelo m\u00fasico ser\u00e3o usadas como parte da propaganda eleitoral nas redes sociais de ambos os candidatos.<\/p>\n<p>Tarc\u00edsio e Monica tiveram contato com Waters durante sua \u00faltima passagem pelo Brasil, em 2023. Conhecido por seu ativismo pol\u00edtico, o m\u00fasico \u00e9 cr\u00edtico do ex-presidente Jair Bolsonaro, o que alinha sua postura com a oposi\u00e7\u00e3o representada pelo PSOL.\n<\/p>\n<p>Em 2023, Tarc\u00edsio participou de um debate com Waters sobre educa\u00e7\u00e3o, \u00e1rea em que o deputado tamb\u00e9m atua como professor. J\u00e1 Monica condecorou o m\u00fasico ingl\u00eas com uma honraria da C\u00e2mara Municipal. Waters j\u00e1 havia manifestado apoio a Monica nas elei\u00e7\u00f5es anteriores, quando ela concorreu pela primeira vez ao cargo de vereadora.\n<\/p>\n<p>Na grava\u00e7\u00e3o mais recente, Waters faz um apelo aos eleitores do Rio de Janeiro para que votem em Monica Ben\u00edcio e Tarc\u00edsio Motta, refor\u00e7ando a import\u00e2ncia de lutar contra as mil\u00edcias e de nunca esquecer Marielle Franco.\n<\/p>\n<p><strong>Gazeta Brasil\u00a0<\/strong> <\/p>\n<\/div>\n<p><br \/>\n<br \/><a href=\"https:\/\/diariodobrasilnoticias.com.br\/noticia\/roger-waters-ex-integrante-do-pink-floyd-pede-votos-para-o-psol-670040c5b9a85\">Source link <\/a><\/p>","protected":false},"excerpt":{"rendered":"<p>Roger Waters, ex-integrante do Pink Floyd, gravou v\u00eddeos para apoiar candidatos do PSOL nas elei\u00e7\u00f5es municipais do Rio de Janeiro. Ele manifestou apoio a Tarc\u00edsio Motta, que disputa a prefeitura&hellip;<\/p>","protected":false},"author":1,"featured_media":44885,"comment_status":"closed","ping_status":"open","sticky":false,"template":"","format":"standard","meta":{"content-type":"","footnotes":""},"categories":[16],"tags":[123,2448,5313,1267],"class_list":["post-44884","post","type-post","status-publish","format-standard","has-post-thumbnail","hentry","category-noticias","tag-brasil","tag-diario","tag-noticia","tag-noticias"],"_links":{"self":[{"href":"https:\/\/tvbrazilusa.com\/pt\/wp-json\/wp\/v2\/posts\/44884","targetHints":{"allow":["GET"]}}],"collection":[{"href":"https:\/\/tvbrazilusa.com\/pt\/wp-json\/wp\/v2\/posts"}],"about":[{"href":"https:\/\/tvbrazilusa.com\/pt\/wp-json\/wp\/v2\/types\/post"}],"author":[{"embeddable":true,"href":"https:\/\/tvbrazilusa.com\/pt\/wp-json\/wp\/v2\/users\/1"}],"replies":[{"embeddable":true,"href":"https:\/\/tvbrazilusa.com\/pt\/wp-json\/wp\/v2\/comments?post=44884"}],"version-history":[{"count":1,"href":"https:\/\/tvbrazilusa.com\/pt\/wp-json\/wp\/v2\/posts\/44884\/revisions"}],"predecessor-version":[{"id":44886,"href":"https:\/\/tvbrazilusa.com\/pt\/wp-json\/wp\/v2\/posts\/44884\/revisions\/44886"}],"wp:featuredmedia":[{"embeddable":true,"href":"https:\/\/tvbrazilusa.com\/pt\/wp-json\/wp\/v2\/media\/44885"}],"wp:attachment":[{"href":"https:\/\/tvbrazilusa.com\/pt\/wp-json\/wp\/v2\/media?parent=44884"}],"wp:term":[{"taxonomy":"category","embeddable":true,"href":"https:\/\/tvbrazilusa.com\/pt\/wp-json\/wp\/v2\/categories?post=44884"},{"taxonomy":"post_tag","embeddable":true,"href":"https:\/\/tvbrazilusa.com\/pt\/wp-json\/wp\/v2\/tags?post=44884"}],"curies":[{"name":"wp","href":"https:\/\/api.w.org\/{rel}","templated":true}]}}