{"id":44887,"date":"2024-10-04T22:46:31","date_gmt":"2024-10-04T22:46:31","guid":{"rendered":"https:\/\/tvbrazilusa.com\/2024\/10\/04\/a-nova-estrategia-de-frederick-wassef-no-stf-para-encerrar-o-caso-das-joias\/"},"modified":"2024-10-04T22:46:32","modified_gmt":"2024-10-04T22:46:32","slug":"a-nova-estrategia-de-frederick-wassef-no-stf-para-encerrar-o-caso-das-joias","status":"publish","type":"post","link":"https:\/\/tvbrazilusa.com\/pt\/2024\/10\/04\/a-nova-estrategia-de-frederick-wassef-no-stf-para-encerrar-o-caso-das-joias\/","title":{"rendered":"A nova estrat\u00e9gia de Frederick Wassef no STF para encerrar o caso das joias"},"content":{"rendered":"<p> <script async src=\"https:\/\/pagead2.googlesyndication.com\/pagead\/js\/adsbygoogle.js?client=ca-pub-8864793242727901\"\r\n     crossorigin=\"anonymous\"><\/script><br \/>\n<\/p>\n<div id=\"taboola-read-more\" style=\"display:block; width:100%\">\n<p>O advogado Frederick Wassef, ligado ao cl\u00e3 Bolsonaro, acionou o STF nessa quarta-feira (2\/10) para pedir que seja suspensa e encerrada em rela\u00e7\u00e3o a ele a investiga\u00e7\u00e3o da Pol\u00edcia Federal sobre o desvio de objetos do acervo presidencial por Jair Bolsonaro. O habeas corpus foi distribu\u00eddo ao ministro Fl\u00e1vio Dino.\n<\/p>\n<p>Em julho, a PF indiciou Wassef pelos crimes de associa\u00e7\u00e3o criminosa e lavagem de dinheiro, por ter recomprado nos Estados Unidos um rel\u00f3gio Rolex que havia sido dado de presente a Bolsonaro pelo governo da Ar\u00e1bia Saudita. O ex-presidente recebeu o \u201ckit ouro branco\u201d, que inclu\u00eda o rel\u00f3gio, em outubro de 2019, em visita ao pa\u00eds \u00e1rabe.<\/p>\n<p>Segundo as apura\u00e7\u00f5es da PF, Frederick Wassef foi encarregado de recomprar o Rolex na empresa Precision Watches, \u00e0 qual o rel\u00f3gio havia sido vendido pelo ex-ajudante de ordens Mauro Cid. O advogado pagou US$ 49 mil pelo Rolex, dinheiro que seus advogados ressaltaram ser do pr\u00f3prio Frederick Wassef.\n<\/p>\n<p>Em um habeas corpus protocolado no STF, os advogados de Wassef alegaram que o indiciamento dele pela PF se baseou em uma resolu\u00e7\u00e3o do Tribunal de Contas da Uni\u00e3o (TCU) de 2016, alterada pela pr\u00f3pria Corte de contas em agosto.\n<\/p>\n<p>O entendimento anterior do TCU previa que presentes dados aos presidentes durante cerim\u00f4nias com outros chefes de Estado eram parte do patrim\u00f4nio p\u00fablico, exceto presentes de car\u00e1ter personal\u00edssimo, como medalhas personalizadas, ou bens de consumo direto, como bon\u00e9s, camisetas, gravatas e perfumes, entre outros.\n<\/p>\n<p>\u00a0<\/p>\n<p>Em agosto deste ano, no entanto, o TCU alterou esse entendimento ao analisar a situa\u00e7\u00e3o de um rel\u00f3gio Certier de ouro branco dado a Lula em seu primeiro mandato, em 2005. A Corte decidiu que n\u00e3o h\u00e1 uma norma que defina o conceito de \u201cbem de natureza personal\u00edssima\u201d e alto valor. Assim, abriu-se uma brecha para Bolsonaro e aliados indiciados alegarem que as joias recebidas por ele n\u00e3o faziam parte do patrim\u00f4nio p\u00fablico.\n<\/p>\n<p>Diante do novo entendimento do TCU, os advogados de Frederick Wassef argumentaram que o indiciamento dele \u00e9 um \u201cconstrangimento ilegal\u201d. Eles citaram a possibilidade de a Procuradoria-Geral da Rep\u00fablica apresentar uma den\u00fancia com base nas investiga\u00e7\u00f5es da PF.\n<\/p>\n<p>A defesa solicitou \u00e0 Corte uma liminar que suspenda o inqu\u00e9rito em rela\u00e7\u00e3o a Wassef e, no m\u00e9rito, o trancamento da apura\u00e7\u00e3o, cujo relator \u00e9 o ministro Alexandre de Moraes.\n<\/p>\n<p>\u201cO Paciente \u00e9 pessoa p\u00fablica. Sua exposi\u00e7\u00e3o a uma acusa\u00e7\u00e3o baseada em entendimento superado n\u00e3o apenas violaria seu direito a um processo penal justo, como tamb\u00e9m impactaria severamente sua vida pessoal e profissional. Mesmo com a prov\u00e1vel absolvi\u00e7\u00e3o, os danos \u00e0 imagem dificilmente poderiam ser integralmente reparados. Quanto mais a persecu\u00e7\u00e3o penal avan\u00e7a, maior \u00e9 a estigmatiza\u00e7\u00e3o do imputado, sobretudo em casos dessa natureza\u201d, disse o habeas corpus.\n<\/p>\n<p><strong>Metr\u00f3poles\u00a0<\/strong> <\/p>\n<\/div>\n<p><br \/>\n<br \/><a href=\"https:\/\/diariodobrasilnoticias.com.br\/noticia\/a-nova-estrategia-de-frederick-wassef-no-stf-para-encerrar-o-caso-das-joias-670043718be03\">Source link <\/a><\/p>","protected":false},"excerpt":{"rendered":"<p>O advogado Frederick Wassef, ligado ao cl\u00e3 Bolsonaro, acionou o STF nessa quarta-feira (2\/10) para pedir que seja suspensa e encerrada em rela\u00e7\u00e3o a ele a investiga\u00e7\u00e3o da Pol\u00edcia Federal&hellip;<\/p>","protected":false},"author":1,"featured_media":44888,"comment_status":"closed","ping_status":"open","sticky":false,"template":"","format":"standard","meta":{"content-type":"","footnotes":""},"categories":[16],"tags":[123,2448,5313,1267],"class_list":["post-44887","post","type-post","status-publish","format-standard","has-post-thumbnail","hentry","category-noticias","tag-brasil","tag-diario","tag-noticia","tag-noticias"],"_links":{"self":[{"href":"https:\/\/tvbrazilusa.com\/pt\/wp-json\/wp\/v2\/posts\/44887","targetHints":{"allow":["GET"]}}],"collection":[{"href":"https:\/\/tvbrazilusa.com\/pt\/wp-json\/wp\/v2\/posts"}],"about":[{"href":"https:\/\/tvbrazilusa.com\/pt\/wp-json\/wp\/v2\/types\/post"}],"author":[{"embeddable":true,"href":"https:\/\/tvbrazilusa.com\/pt\/wp-json\/wp\/v2\/users\/1"}],"replies":[{"embeddable":true,"href":"https:\/\/tvbrazilusa.com\/pt\/wp-json\/wp\/v2\/comments?post=44887"}],"version-history":[{"count":1,"href":"https:\/\/tvbrazilusa.com\/pt\/wp-json\/wp\/v2\/posts\/44887\/revisions"}],"predecessor-version":[{"id":44889,"href":"https:\/\/tvbrazilusa.com\/pt\/wp-json\/wp\/v2\/posts\/44887\/revisions\/44889"}],"wp:featuredmedia":[{"embeddable":true,"href":"https:\/\/tvbrazilusa.com\/pt\/wp-json\/wp\/v2\/media\/44888"}],"wp:attachment":[{"href":"https:\/\/tvbrazilusa.com\/pt\/wp-json\/wp\/v2\/media?parent=44887"}],"wp:term":[{"taxonomy":"category","embeddable":true,"href":"https:\/\/tvbrazilusa.com\/pt\/wp-json\/wp\/v2\/categories?post=44887"},{"taxonomy":"post_tag","embeddable":true,"href":"https:\/\/tvbrazilusa.com\/pt\/wp-json\/wp\/v2\/tags?post=44887"}],"curies":[{"name":"wp","href":"https:\/\/api.w.org\/{rel}","templated":true}]}}