{"id":44893,"date":"2024-10-04T22:59:03","date_gmt":"2024-10-04T22:59:03","guid":{"rendered":"https:\/\/tvbrazilusa.com\/2024\/10\/04\/nikolas-e-outros-conheca-politicos-fora-de-sp-que-apoiam-marcal-e-boulos\/"},"modified":"2024-10-04T22:59:04","modified_gmt":"2024-10-04T22:59:04","slug":"nikolas-e-outros-conheca-politicos-fora-de-sp-que-apoiam-marcal-e-boulos","status":"publish","type":"post","link":"https:\/\/tvbrazilusa.com\/pt\/2024\/10\/04\/nikolas-e-outros-conheca-politicos-fora-de-sp-que-apoiam-marcal-e-boulos\/","title":{"rendered":"Nikolas e outros: conhe\u00e7a pol\u00edticos fora de SP que apoiam Mar\u00e7al e Boulos"},"content":{"rendered":"<p> <script async src=\"https:\/\/pagead2.googlesyndication.com\/pagead\/js\/adsbygoogle.js?client=ca-pub-8864793242727901\"\r\n     crossorigin=\"anonymous\"><\/script><br \/>\n<\/p>\n<div id=\"taboola-read-more\" style=\"display:block; width:100%\">\n<p>Nacionalizada, a disputa pela Prefeitura de S\u00e3o Paulo tem dividido tanto os eleitores como pol\u00edticos de diferentes espectros, que traem as orienta\u00e7\u00f5es partid\u00e1rias e apoiam candidatos de siglas \u201copositoras\u201d. O primeiro turno para definir o pr\u00f3ximo prefeito de S\u00e3o Paulo ocorre neste domingo (6\/10).\n<\/p>\n<p>A \u00faltima pesquisa Datafolha, divulgada nessa quinta-feira (3\/10), mostra que a disputa pelo maior col\u00e9gio eleitoral deve ser definida apenas no segundo turno. O levantamento mostra Guilherme Boulos (PSol) com 26%, o prefeito e candidato \u00e0 reelei\u00e7\u00e3o, Ricardo Nunes (MDB), com 24% e o Pablo Mar\u00e7al (PRTB) tamb\u00e9m com 24%. Um empate triplo na margem de erro.<\/p>\n<p>Pablo Mar\u00e7al come\u00e7ou a campanha pela Prefeitura de S\u00e3o Paulo de forma agressiva, com ataques aos opositores e tentando conquistar votos dos apoiadores do ex-presidente Jair Bolsonaro (PL). A estrat\u00e9gia do candidato do PRTB, no entanto, esbarrou no contragosto do ex-chefe do Executivo.\n<\/p>\n<p>Jair Bolsonaro chegou a afirmar que Mar\u00e7al \u201cn\u00e3o tinha car\u00e1ter\u201d. J\u00e1 o deputado Eduardo Bolsonaro (PL-SP) relembrou cr\u00edticas do influenciador contra o ex-presidente.\n<\/p>\n<p>\u201cNo momento mais crucial [nas elei\u00e7\u00f5es de 2022]\u201d, Mar\u00e7al n\u00e3o \u201ctomou partido\u201d.\n<\/p>\n<p>Apesar da intriga entre o candidato do PRTB e o ex-presidente, alguns deputados do PL e apoiadores de Jair Bolsonaro t\u00eam manifestado apoio \u00e0 candidatura de Mar\u00e7al.\n<\/p>\n<p>O deputado federal Nikolas Ferreira (PL-MG) declarou que o atual prefeito de S\u00e3o Paulo e candidato \u00e0 reelei\u00e7\u00e3o \u201cpertence ao sistema\u201d, ao contr\u00e1rio de Pablo Mar\u00e7al. A manifesta\u00e7\u00e3o n\u00e3o repercutiu bem entre os aliados do PL.\n<\/p>\n<p>Na C\u00e2mara dos Deputados, Nikolas Ferreira \u00e9 um dos deputados mais engajados contra as a\u00e7\u00f5es do governo de Luiz In\u00e1cio Lula da Silva (PT) e defensor das bandeiras do ex-presidente Bolsonaro.\n<\/p>\n<p>O racha entre o cl\u00e3 Bolsonaro e Mar\u00e7al tamb\u00e9m aparece nas manifesta\u00e7\u00f5es p\u00fablicas dos deputados federais Nelson Barbudo (PL-MT) e Daniel Jos\u00e9 (Podemos-SP). Ambos \u201cfizeram o M\u201d de Mar\u00e7al.\n<\/p>\n<h4>Boulos em S\u00e3o Paulo<\/h4>\n<p>A campanha de Boulos tem pregado o voto \u00fatil, com o intuito de atrair os eleitores da deputada federal\u00a0<a href=\"https:\/\/eleicoes.metropoles.com\/guia-dos-candidatos\/sp\/71072\/candidato\/tabata-amaral\/250002163891?cargo=11\" target=\"_blank\" rel=\"noopener noreferrer\">Tabata Amaral (PSB-SP)<\/a>\u00a0na inten\u00e7\u00e3o de chegar ao segundo turno das municipais.\n<\/p>\n<p>O candidato do PSol tamb\u00e9m conquistou apoio de pol\u00edticos de outro espectro. Como \u00e9 o caso do senador Giordano (MDB-SP), que se colocou contr\u00e1rio \u00e0 orienta\u00e7\u00e3o do pr\u00f3prio partido, que tem Ricardo Nunes como candidato \u00e0 Prefeitura de S\u00e3o Paulo, para apoiar Guilherme Boulos.\n<\/p>\n<p>Outros nomes ligados a Ricardo Nunes declaram apoio \u00e0 campanha do psolista, como \u00e9 o caso de Ricardo Patah, da Uni\u00e3o Geral dos Trabalhadores (UGT), e Miguel Torres, da For\u00e7a Sindical, como mostrou\u00a0<a href=\"https:\/\/www.metropoles.com\/colunas\/igor-gadelha\/lideres-de-centrais-ligadas-a-aliados-de-nunes-declaram-apoio-a-boulos\" target=\"_blank\" rel=\"noopener noreferrer\">Igor Gadelha<\/a>, do\u00a0<strong>Metr\u00f3poles<\/strong>.\n<\/p>\n<p>Os presidentes das centrais sindicais s\u00e3o filiados a partidos pol\u00edticos que apoiam a reelei\u00e7\u00e3o de Nunes. Patah \u00e9 filiado ao PSD de Gilberto Kassab, secret\u00e1rio do governo de Tarc\u00edsio de Freitas (Republicanos). J\u00e1 Miguel Torres \u00e9 filiado ao Solidariedade.\n<\/p>\n<p>A disputa pelo governo paulistano tamb\u00e9m tem esbarrado nos ide\u00e1rios do governo federal. Em que Boulos conta com o apoio do presidente Lula, enquanto Tabata Amaral tem Geraldo Alckmin (PSB), vice-presidente e ministro do Desenvolvimento, Ind\u00fastria, Com\u00e9rcio e Servi\u00e7os, como padrinho pol\u00edtico.\n<\/p>\n<p>Como nem Lula nem Alckmin t\u00eam se envolvido muito na campanha municipal, por\u00e9m, as diferen\u00e7as n\u00e3o viraram uma crise no governo federal.\n<\/p>\n<p><strong>Metr\u00f3poles\u00a0<\/strong> <\/p>\n<\/div>\n<p><br \/>\n<br \/><a href=\"https:\/\/diariodobrasilnoticias.com.br\/noticia\/nikolas-e-outros-conheca-politicos-fora-de-sp-que-apoiam-marcal-e-boulos-670045972ee5b\">Source link <\/a><\/p>","protected":false},"excerpt":{"rendered":"<p>Nacionalizada, a disputa pela Prefeitura de S\u00e3o Paulo tem dividido tanto os eleitores como pol\u00edticos de diferentes espectros, que traem as orienta\u00e7\u00f5es partid\u00e1rias e apoiam candidatos de siglas \u201copositoras\u201d. O&hellip;<\/p>","protected":false},"author":1,"featured_media":44894,"comment_status":"closed","ping_status":"open","sticky":false,"template":"","format":"standard","meta":{"content-type":"","footnotes":""},"categories":[16],"tags":[123,2448,5313,1267],"class_list":["post-44893","post","type-post","status-publish","format-standard","has-post-thumbnail","hentry","category-noticias","tag-brasil","tag-diario","tag-noticia","tag-noticias"],"_links":{"self":[{"href":"https:\/\/tvbrazilusa.com\/pt\/wp-json\/wp\/v2\/posts\/44893","targetHints":{"allow":["GET"]}}],"collection":[{"href":"https:\/\/tvbrazilusa.com\/pt\/wp-json\/wp\/v2\/posts"}],"about":[{"href":"https:\/\/tvbrazilusa.com\/pt\/wp-json\/wp\/v2\/types\/post"}],"author":[{"embeddable":true,"href":"https:\/\/tvbrazilusa.com\/pt\/wp-json\/wp\/v2\/users\/1"}],"replies":[{"embeddable":true,"href":"https:\/\/tvbrazilusa.com\/pt\/wp-json\/wp\/v2\/comments?post=44893"}],"version-history":[{"count":1,"href":"https:\/\/tvbrazilusa.com\/pt\/wp-json\/wp\/v2\/posts\/44893\/revisions"}],"predecessor-version":[{"id":44895,"href":"https:\/\/tvbrazilusa.com\/pt\/wp-json\/wp\/v2\/posts\/44893\/revisions\/44895"}],"wp:featuredmedia":[{"embeddable":true,"href":"https:\/\/tvbrazilusa.com\/pt\/wp-json\/wp\/v2\/media\/44894"}],"wp:attachment":[{"href":"https:\/\/tvbrazilusa.com\/pt\/wp-json\/wp\/v2\/media?parent=44893"}],"wp:term":[{"taxonomy":"category","embeddable":true,"href":"https:\/\/tvbrazilusa.com\/pt\/wp-json\/wp\/v2\/categories?post=44893"},{"taxonomy":"post_tag","embeddable":true,"href":"https:\/\/tvbrazilusa.com\/pt\/wp-json\/wp\/v2\/tags?post=44893"}],"curies":[{"name":"wp","href":"https:\/\/api.w.org\/{rel}","templated":true}]}}