{"id":44942,"date":"2024-10-05T01:58:17","date_gmt":"2024-10-05T01:58:17","guid":{"rendered":"https:\/\/tvbrazilusa.com\/2024\/10\/05\/pablo-marcal-apoia-o-impeachment-de-alexandre-de-moraes-a-favor\/"},"modified":"2024-10-05T01:58:18","modified_gmt":"2024-10-05T01:58:18","slug":"pablo-marcal-apoia-o-impeachment-de-alexandre-de-moraes-a-favor","status":"publish","type":"post","link":"https:\/\/tvbrazilusa.com\/pt\/2024\/10\/05\/pablo-marcal-apoia-o-impeachment-de-alexandre-de-moraes-a-favor\/","title":{"rendered":"Pablo Mar\u00e7al apoia o impeachment de Alexandre de Moraes: \u201cA favor\u201d"},"content":{"rendered":"<p> <script async src=\"https:\/\/pagead2.googlesyndication.com\/pagead\/js\/adsbygoogle.js?client=ca-pub-8864793242727901\"\r\n     crossorigin=\"anonymous\"><\/script><br \/>\n<\/p>\n<div id=\"taboola-read-more\" style=\"display:block; width:100%\">\n<p>A dois dias do primeiro turno, Pablo Mar\u00e7al (PRTB) enfim se posicionou a favor do impeachment do ministro do Supremo Tribunal Federal (STF) Alexandre de Moraes. A ades\u00e3o \u00e9 mais um passo do ex-coach em busca dos votos do eleitorado bolsonarista, que est\u00e1 dividido entre ele e o prefeito Ricardo Nunes (MDB).\n<\/p>\n<p>\u201cSendo v\u00edtima tamb\u00e9m, sou a favor do impeachment do Alexandre de Moraes. \u00c9 uma pena ver um Senado com medo de um integrante do STF. Fiz quest\u00e3o de segurar essa informa\u00e7\u00e3o o tempo inteiro, para entreg\u00e1-la no \u00faltimo momento. Hoje n\u00e3o h\u00e1 o que fazer, estamos a poucas horas da elei\u00e7\u00e3o\u201d, disse Pablo Mar\u00e7al num v\u00eddeo publicado em suas redes sociais.<\/p>\n<p>Antes da declara\u00e7\u00e3o, personalidades do campo conservador criticaram Mar\u00e7al pela postura \u201cem cima do muro\u201d que vinha adotando ao falar de Moraes. O ex-coach chegou a dizer que tirar Alexandre, indicado por Michel Temer, seria dar a Lula o poder de botar mais um ministro no Supremo. E argumentou que n\u00e3o caberia a um candidato a prefeito de S\u00e3o Paulo se manifestar sobre impeachment de ministros do STF.\n<\/p>\n<p>\u00a0<\/p>\n<p>A chegada do ex-coach ao ato de 7 de Setembro com Jair Bolsonaro tamb\u00e9m serviu para cr\u00edticas da direita, pois ele apareceu somente ap\u00f3s as falas contra o magistrado.\n<\/p>\n<p>O ex-coach ainda provocou o l\u00edder da Assembleia de Deus Vit\u00f3ria em Cristo, Silas Malafaia. O candidato reclama dos v\u00eddeos gravados pelo pastor, nos quais o religioso cobrou posi\u00e7\u00e3o sobre Moraes.\n<\/p>\n<p>\u00a0<\/p>\n<p>\u201cO\u00a0Silas\u00a0est\u00e1 certo, gravou v\u00eddeos me atacando para fazer isso. Mas parece que ele tamb\u00e9m fez um acordo para n\u00e3o falar mais no Alexandre de Moraes. Quero ver se \u00e9 homem agora\u201d, disse Mar\u00e7al no v\u00eddeo.\n<\/p>\n<h3>Silas Malafaia responde Mar\u00e7al<\/h3>\n<p>Procurado pela coluna, o pastor afirmou que Mar\u00e7al \u00e9 um \u201cfarsante\u201d e que s\u00f3 se posicionou a favor do impeachment de Moraes porque est\u00e1 \u201cdesesperado\u201d para obter votos na reta final da campanha.\n<\/p>\n<p>\u201cEle fez isso agora, na v\u00e9spera da elei\u00e7\u00e3o? Passou 2 anos calado. T\u00e1 a\u00ed a prova que esse cara \u00e9 um farsante, mentiroso. Ele est\u00e1 tentando, desesperado, atrair a direita e os evang\u00e9licos. \u00c9 um manipulador e mentiroso. Agora tem que ser muito idiota e alienado para acreditar num cara desse\u201d, vociferou Malafaia.\n<\/p>\n<p><strong>Metr\u00f3poles\u00a0<\/strong> <\/p>\n<\/div>\n<p><br \/>\n<br \/><a href=\"https:\/\/diariodobrasilnoticias.com.br\/noticia\/pablo-marcal-apoia-o-impeachment-de-alexandre-de-moraes-a-favor-67007688434d9\">Source link <\/a><\/p>","protected":false},"excerpt":{"rendered":"<p>A dois dias do primeiro turno, Pablo Mar\u00e7al (PRTB) enfim se posicionou a favor do impeachment do ministro do Supremo Tribunal Federal (STF) Alexandre de Moraes. A ades\u00e3o \u00e9 mais&hellip;<\/p>","protected":false},"author":1,"featured_media":44943,"comment_status":"closed","ping_status":"open","sticky":false,"template":"","format":"standard","meta":{"content-type":"","footnotes":""},"categories":[16],"tags":[123,2448,5313,1267],"class_list":["post-44942","post","type-post","status-publish","format-standard","has-post-thumbnail","hentry","category-noticias","tag-brasil","tag-diario","tag-noticia","tag-noticias"],"_links":{"self":[{"href":"https:\/\/tvbrazilusa.com\/pt\/wp-json\/wp\/v2\/posts\/44942","targetHints":{"allow":["GET"]}}],"collection":[{"href":"https:\/\/tvbrazilusa.com\/pt\/wp-json\/wp\/v2\/posts"}],"about":[{"href":"https:\/\/tvbrazilusa.com\/pt\/wp-json\/wp\/v2\/types\/post"}],"author":[{"embeddable":true,"href":"https:\/\/tvbrazilusa.com\/pt\/wp-json\/wp\/v2\/users\/1"}],"replies":[{"embeddable":true,"href":"https:\/\/tvbrazilusa.com\/pt\/wp-json\/wp\/v2\/comments?post=44942"}],"version-history":[{"count":1,"href":"https:\/\/tvbrazilusa.com\/pt\/wp-json\/wp\/v2\/posts\/44942\/revisions"}],"predecessor-version":[{"id":44944,"href":"https:\/\/tvbrazilusa.com\/pt\/wp-json\/wp\/v2\/posts\/44942\/revisions\/44944"}],"wp:featuredmedia":[{"embeddable":true,"href":"https:\/\/tvbrazilusa.com\/pt\/wp-json\/wp\/v2\/media\/44943"}],"wp:attachment":[{"href":"https:\/\/tvbrazilusa.com\/pt\/wp-json\/wp\/v2\/media?parent=44942"}],"wp:term":[{"taxonomy":"category","embeddable":true,"href":"https:\/\/tvbrazilusa.com\/pt\/wp-json\/wp\/v2\/categories?post=44942"},{"taxonomy":"post_tag","embeddable":true,"href":"https:\/\/tvbrazilusa.com\/pt\/wp-json\/wp\/v2\/tags?post=44942"}],"curies":[{"name":"wp","href":"https:\/\/api.w.org\/{rel}","templated":true}]}}