{"id":44947,"date":"2024-10-05T02:10:27","date_gmt":"2024-10-05T02:10:27","guid":{"rendered":"https:\/\/tvbrazilusa.com\/2024\/10\/05\/carro-da-seguranca-de-lula-e-furtado-na-escola-onde-o-presidente-vota\/"},"modified":"2024-10-05T02:10:28","modified_gmt":"2024-10-05T02:10:28","slug":"carro-da-seguranca-de-lula-e-furtado-na-escola-onde-o-presidente-vota","status":"publish","type":"post","link":"https:\/\/tvbrazilusa.com\/pt\/2024\/10\/05\/carro-da-seguranca-de-lula-e-furtado-na-escola-onde-o-presidente-vota\/","title":{"rendered":"Carro da seguran\u00e7a de Lula \u00e9 furtado na escola onde o presidente vota"},"content":{"rendered":"<p> <script async src=\"https:\/\/pagead2.googlesyndication.com\/pagead\/js\/adsbygoogle.js?client=ca-pub-8864793242727901\"\r\n     crossorigin=\"anonymous\"><\/script><br \/>\n<\/p>\n<div id=\"taboola-read-more\" style=\"display:block; width:100%\">\n<p>S\u00e3o Paulo \u2014 Um carro descaracterizado do gabinete de seguran\u00e7a da Presid\u00eancia da Rep\u00fablica foi roubado por homens armados, na tarde desta sexta-feira (4\/10), em frente \u00e0 Escola Estadual Dr. Jo\u00e3o Firmino Correia de Ara\u00fajo, na Rua Maria Azevedo Florence, em S\u00e3o Bernardo do Campo, regi\u00e3o metropolitana de S\u00e3o Paulo.\n<\/p>\n<p>O local \u00e9 onde o atual presidente da Rep\u00fablica, Luiz In\u00e1cio Lula da Silva, vota.<\/p>\n<p>Equipes de seguran\u00e7a estavam no endere\u00e7o para realizar uma checagem de seguran\u00e7a antes de o presidente votar nas elei\u00e7\u00f5es municipais. Trata-se de um procedimento considerado padr\u00e3o.\n<\/p>\n<p>Segundo boletim de ocorr\u00eancia obtido pelo Metr\u00f3poles, a motorista estava sozinha dentro do carro, esperando a equipe do Comit\u00ea de Governan\u00e7a Institucional da Secretaria-Geral da Presid\u00eancia da Rep\u00fablica (CGI\/SG) retornar do reconhecimento de seguran\u00e7a que fazia na escola onde Lula votar\u00e1 no pr\u00f3ximo domingo (6\/10).\n<\/p>\n<p>Foi nesse momento que dois suspeitos armados a abordaram e a amea\u00e7aram. Os assaltantes amea\u00e7aram a v\u00edtima com as armas e pediram a senha do celular dela.\n<\/p>\n<p>Al\u00e9m do carro, um T-Cross, os assaltantes levaram uma s\u00e9rie de objetos pessoais e profissionais, visto que o ve\u00edculo estava cheio de itens de trabalho de funcion\u00e1rios da CGI. Entre os objetos roubados, est\u00e3o alguns crach\u00e1s de identifica\u00e7\u00e3o, malas, mochilas, rel\u00f3gios de pulso, celulares e coletes \u00e0 prova de balas.\n<\/p>\n<p>O caso foi registrado como roubo de ve\u00edculo com amea\u00e7a com arma de fogo pelo 3\u00ba DP de S\u00e3o Bernardo do Campo.\n<\/p>\n<p><strong>Metr\u00f3poles\u00a0<\/strong> <\/p>\n<\/div>\n<p><br \/>\n<br \/><a href=\"https:\/\/diariodobrasilnoticias.com.br\/noticia\/carro-da-seguranca-de-lula-e-furtado-na-escola-onde-o-presidente-vota-67006cc8b9d13\">Source link <\/a><\/p>","protected":false},"excerpt":{"rendered":"<p>S\u00e3o Paulo \u2014 Um carro descaracterizado do gabinete de seguran\u00e7a da Presid\u00eancia da Rep\u00fablica foi roubado por homens armados, na tarde desta sexta-feira (4\/10), em frente \u00e0 Escola Estadual Dr.&hellip;<\/p>","protected":false},"author":1,"featured_media":44948,"comment_status":"closed","ping_status":"open","sticky":false,"template":"","format":"standard","meta":{"content-type":"","footnotes":""},"categories":[16],"tags":[123,2448,5313,1267],"class_list":["post-44947","post","type-post","status-publish","format-standard","has-post-thumbnail","hentry","category-noticias","tag-brasil","tag-diario","tag-noticia","tag-noticias"],"_links":{"self":[{"href":"https:\/\/tvbrazilusa.com\/pt\/wp-json\/wp\/v2\/posts\/44947","targetHints":{"allow":["GET"]}}],"collection":[{"href":"https:\/\/tvbrazilusa.com\/pt\/wp-json\/wp\/v2\/posts"}],"about":[{"href":"https:\/\/tvbrazilusa.com\/pt\/wp-json\/wp\/v2\/types\/post"}],"author":[{"embeddable":true,"href":"https:\/\/tvbrazilusa.com\/pt\/wp-json\/wp\/v2\/users\/1"}],"replies":[{"embeddable":true,"href":"https:\/\/tvbrazilusa.com\/pt\/wp-json\/wp\/v2\/comments?post=44947"}],"version-history":[{"count":1,"href":"https:\/\/tvbrazilusa.com\/pt\/wp-json\/wp\/v2\/posts\/44947\/revisions"}],"predecessor-version":[{"id":44949,"href":"https:\/\/tvbrazilusa.com\/pt\/wp-json\/wp\/v2\/posts\/44947\/revisions\/44949"}],"wp:featuredmedia":[{"embeddable":true,"href":"https:\/\/tvbrazilusa.com\/pt\/wp-json\/wp\/v2\/media\/44948"}],"wp:attachment":[{"href":"https:\/\/tvbrazilusa.com\/pt\/wp-json\/wp\/v2\/media?parent=44947"}],"wp:term":[{"taxonomy":"category","embeddable":true,"href":"https:\/\/tvbrazilusa.com\/pt\/wp-json\/wp\/v2\/categories?post=44947"},{"taxonomy":"post_tag","embeddable":true,"href":"https:\/\/tvbrazilusa.com\/pt\/wp-json\/wp\/v2\/tags?post=44947"}],"curies":[{"name":"wp","href":"https:\/\/api.w.org\/{rel}","templated":true}]}}