{"id":44952,"date":"2024-10-05T02:25:20","date_gmt":"2024-10-05T02:25:20","guid":{"rendered":"https:\/\/tvbrazilusa.com\/2024\/10\/05\/ex-lider-da-otan-lamenta-nao-ter-enviado-armas-para-a-ucrania-antes\/"},"modified":"2024-10-05T02:25:21","modified_gmt":"2024-10-05T02:25:21","slug":"ex-lider-da-otan-lamenta-nao-ter-enviado-armas-para-a-ucrania-antes","status":"publish","type":"post","link":"https:\/\/tvbrazilusa.com\/pt\/2024\/10\/05\/ex-lider-da-otan-lamenta-nao-ter-enviado-armas-para-a-ucrania-antes\/","title":{"rendered":"Ex-l\u00edder da OTAN lamenta n\u00e3o ter enviado armas para a Ucr\u00e2nia antes"},"content":{"rendered":"<p> <script async src=\"https:\/\/pagead2.googlesyndication.com\/pagead\/js\/adsbygoogle.js?client=ca-pub-8864793242727901\"\r\n     crossorigin=\"anonymous\"><\/script><br \/>\n<\/p>\n<div id=\"content_post\">\n<p>Jens Stoltenberg, ex-primeiro-ministro noruegu\u00eas que liderou a Otan entre 2014 e 2024, tornando-se o segundo chefe com mais tempo no cargo na hist\u00f3ria da alian\u00e7a, lamentou na sexta-feira, 4 de outubro, n\u00e3o ter entregue armas \u00e0 Ucr\u00e2nia mais cedo. Isso poderia ter evitado a guerra.\n<\/p>\n<p>\u201cSe h\u00e1 algo que de certa forma lamento e vejo com muito mais clareza agora \u00e9 que dever\u00edamos ter fornecido muito mais apoio militar \u00e0 Ucr\u00e2nia muito antes\u201d, disse Jens Stoltenberg ao Financial Times. \u201cAcho que todos temos que admitir que dever\u00edamos ter dado a eles mais armas antes da invas\u00e3o.\u201d<\/p>\n<p>Antes da invas\u00e3o em grande escala de Moscou, no in\u00edcio de 2022, disse ele, \u201co envio de armas letais [para a Ucr\u00e2nia] era uma grande discuss\u00e3o\u201d.\n<\/p>\n<p>\u00a0<\/p>\n<p>\u201cA maioria dos aliados era contra isso, antes da invas\u00e3o\u2026 eles tinham muito medo das consequ\u00eancias\u201d, disse ele. \u201cEstou orgulhoso do que fizemos, mas teria sido uma grande vantagem se tivesse come\u00e7ado mais cedo.\n<\/p>\n<p>\u201cTalvez pudesse at\u00e9 ter evitado a invas\u00e3o, ou pelo menos tornado muito mais dif\u00edcil para [a R\u00fassia] fazer o que fez.\u201d\n<\/p>\n<p>Ao longo do conflito, Kiev implorou aos seus aliados ocidentais armas mais avan\u00e7adas, incluindo m\u00edsseis de longo alcance, tanques de batalha e sistemas de defesa a\u00e9rea Patriot. Alguns, como a Alemanha, acabaram por ceder a alguns pedidos, ao mesmo tempo que recusaram firmemente outros.\n<\/p>\n<p>Os aliados da Ucr\u00e2nia \u201cdeveriam ter-lhes dado armas mais avan\u00e7adas, mais rapidamente, ap\u00f3s a invas\u00e3o\u201d, disse Stoltenberg. \u201cAssumo minha parte na responsabilidade\u201d, acrescentou.\n<\/p>\n<p><strong>Sa\u00edda do Afeganist\u00e3o<\/strong>\n<\/p>\n<p>Durante a d\u00e9cada de Stoltenberg na lideran\u00e7a da Otan, a alian\u00e7a retirou-se do Afeganist\u00e3o por iniciativa dos Estados Unidos. Stoltenberg disse que a r\u00e1pida sa\u00edda da Otan do pa\u00eds representou uma promessa quebrada de n\u00e3o partir at\u00e9 que \u201cos afeg\u00e3os possam proteger o seu pr\u00f3prio pa\u00eds e garantir que o Taliban n\u00e3o regresse\u201d.\n<\/p>\n<p>Ele tamb\u00e9m comentou a lideran\u00e7a da Otan durante o mandato do presidente Donald Trump. A Alian\u00e7a permaneceu unida mesmo quando Trump amea\u00e7ou repetidamente retirar-se se outros membros n\u00e3o aumentassem os seus gastos militares.\n<\/p>\n<p>\u201cQuer houvesse uma probabilidade de 10% de colapso da Otan sob Trump ou 90%, isso n\u00e3o mudou o que t\u00ednhamos de fazer\u201d, disse Stoltenberg.\n<\/p>\n<p>Stoltenberg foi substitu\u00eddo pelo ex-primeiro-ministro holand\u00eas Mark Rutte e dever\u00e1 assumir uma nova fun\u00e7\u00e3o como presidente da Confer\u00eancia de Seguran\u00e7a de Munique.\n<\/p>\n<p><strong>O Antagonista\u00a0<\/strong>\n<\/p>\n<\/div>\n<p><br \/>\n<br \/><a href=\"https:\/\/diariodobrasilnoticias.com.br\/noticia\/ex-lider-da-otan-lamenta-nao-ter-enviado-armas-para-a-ucrania-antes-6700465a20029\">Source link <\/a><\/p>","protected":false},"excerpt":{"rendered":"<p>Jens Stoltenberg, ex-primeiro-ministro noruegu\u00eas que liderou a Otan entre 2014 e 2024, tornando-se o segundo chefe com mais tempo no cargo na hist\u00f3ria da alian\u00e7a, lamentou na sexta-feira, 4 de&hellip;<\/p>","protected":false},"author":1,"featured_media":44953,"comment_status":"closed","ping_status":"open","sticky":false,"template":"","format":"standard","meta":{"content-type":"","footnotes":""},"categories":[16],"tags":[123,2448,5313,1267],"class_list":["post-44952","post","type-post","status-publish","format-standard","has-post-thumbnail","hentry","category-noticias","tag-brasil","tag-diario","tag-noticia","tag-noticias"],"_links":{"self":[{"href":"https:\/\/tvbrazilusa.com\/pt\/wp-json\/wp\/v2\/posts\/44952","targetHints":{"allow":["GET"]}}],"collection":[{"href":"https:\/\/tvbrazilusa.com\/pt\/wp-json\/wp\/v2\/posts"}],"about":[{"href":"https:\/\/tvbrazilusa.com\/pt\/wp-json\/wp\/v2\/types\/post"}],"author":[{"embeddable":true,"href":"https:\/\/tvbrazilusa.com\/pt\/wp-json\/wp\/v2\/users\/1"}],"replies":[{"embeddable":true,"href":"https:\/\/tvbrazilusa.com\/pt\/wp-json\/wp\/v2\/comments?post=44952"}],"version-history":[{"count":1,"href":"https:\/\/tvbrazilusa.com\/pt\/wp-json\/wp\/v2\/posts\/44952\/revisions"}],"predecessor-version":[{"id":44954,"href":"https:\/\/tvbrazilusa.com\/pt\/wp-json\/wp\/v2\/posts\/44952\/revisions\/44954"}],"wp:featuredmedia":[{"embeddable":true,"href":"https:\/\/tvbrazilusa.com\/pt\/wp-json\/wp\/v2\/media\/44953"}],"wp:attachment":[{"href":"https:\/\/tvbrazilusa.com\/pt\/wp-json\/wp\/v2\/media?parent=44952"}],"wp:term":[{"taxonomy":"category","embeddable":true,"href":"https:\/\/tvbrazilusa.com\/pt\/wp-json\/wp\/v2\/categories?post=44952"},{"taxonomy":"post_tag","embeddable":true,"href":"https:\/\/tvbrazilusa.com\/pt\/wp-json\/wp\/v2\/tags?post=44952"}],"curies":[{"name":"wp","href":"https:\/\/api.w.org\/{rel}","templated":true}]}}