{"id":44964,"date":"2024-10-05T02:51:01","date_gmt":"2024-10-05T02:51:01","guid":{"rendered":"https:\/\/tvbrazilusa.com\/2024\/10\/05\/opositor-de-maduro-afirma-que-voltara-para-tomar-posse-na-venezuela\/"},"modified":"2024-10-05T02:51:02","modified_gmt":"2024-10-05T02:51:02","slug":"opositor-de-maduro-afirma-que-voltara-para-tomar-posse-na-venezuela","status":"publish","type":"post","link":"https:\/\/tvbrazilusa.com\/pt\/2024\/10\/05\/opositor-de-maduro-afirma-que-voltara-para-tomar-posse-na-venezuela\/","title":{"rendered":"Opositor de Maduro afirma que voltar\u00e1 para tomar posse na Venezuela"},"content":{"rendered":"<p> <script async src=\"https:\/\/pagead2.googlesyndication.com\/pagead\/js\/adsbygoogle.js?client=ca-pub-8864793242727901\"\r\n     crossorigin=\"anonymous\"><\/script><br \/>\n<\/p>\n<div id=\"taboola-read-more\" style=\"display:block; width:100%\">\n<p>O opositor de Nicol\u00e1s Maduro, Edmundo Gonz\u00e1lez, afirmou que vai retornar para a Venezuela no pr\u00f3ximo dia 10 de janeiro e tomar posse como presidente eleito do pa\u00eds. A declara\u00e7\u00e3o do ex-diplomata, exilado na Espanha desde o in\u00edcio de setembro, aconteceu nesta sexta-feira (4\/10), em um f\u00f3rum pol\u00edtico realizado na regi\u00e3o da Galiza.\n<\/p>\n<p>\u201cVoltarei o mais r\u00e1pido poss\u00edvel [para a Venezuela], quando restaurarmos a democracia no pa\u00eds\u201d, disse Gonz\u00e1lez. \u201c10 de janeiro \u00e9 a data constitucionalmente prevista para a posse e espero que nesse dia seja credenciada a vontade popular de oitos milh\u00f5es de venezuelanos\u201d, completou ele, que tem mandado de pris\u00e3o em aberto, expedido pelo governo de Nicol\u00e1s Maduro.<\/p>\n<p>Apesar da afirma\u00e7\u00e3o de Gonz\u00e1lez, a situa\u00e7\u00e3o pol\u00edtica na Venezuela segue incerta desde o fim de julho, quando a popula\u00e7\u00e3o foi \u00e0s urnas nas elei\u00e7\u00f5es presidenciais.\n<\/p>\n<p>Ligadas ao chavismo, autoridades eleitorais do pa\u00eds j\u00e1 proclamaram a vit\u00f3ria e reelei\u00e7\u00e3o de Nicol\u00e1s Maduro. As atas eleitorais que poderiam atestar, ou n\u00e3o, a vit\u00f3ria do herdeiro pol\u00edtico de Hugo Ch\u00e1vez ainda n\u00e3o foram divulgadas.\n<\/p>\n<p>A oposi\u00e7\u00e3o, e parte da comunidade internacional, acusam Maduro de fraudar o pleito e n\u00e3o reconhecem sua vit\u00f3ria. Em meio ao caos pol\u00edtico e a incerteza aumentaram a repress\u00e3o no pa\u00eds, de acordo com a Organiza\u00e7\u00e3o das Na\u00e7\u00f5es Unidas.\n<\/p>\n<p>Na \u00faltima quarta-feira (2\/10), o Centro Carter apresentou supostas atas eleitorais das elei\u00e7\u00f5es venezuelanas, que comprovariam a vit\u00f3ria de Edmundo Gonz\u00e1lez, \u00e0 Organiza\u00e7\u00e3o dos Estados Americanos (OEA). Anteriormente, a organiza\u00e7\u00e3o j\u00e1 havia rejeitado o resultado das elei\u00e7\u00f5es na Venezuela.\n<\/p>\n<p>A reelei\u00e7\u00e3o de Maduro tamb\u00e9m n\u00e3o foi reconhecida pelo governo Lula, apesar de o petista e o venezuelano serem aliados hist\u00f3ricos. Lula cobra tamb\u00e9m cobra provas da vit\u00f3ria.\n<\/p>\n<p><strong>Metr\u00f3poles\u00a0<\/strong> <\/p>\n<\/div>\n<p><br \/>\n<br \/><a href=\"https:\/\/diariodobrasilnoticias.com.br\/noticia\/opositor-de-maduro-afirma-que-voltara-para-tomar-posse-na-venezuela-670043f35da19\">Source link <\/a><\/p>","protected":false},"excerpt":{"rendered":"<p>O opositor de Nicol\u00e1s Maduro, Edmundo Gonz\u00e1lez, afirmou que vai retornar para a Venezuela no pr\u00f3ximo dia 10 de janeiro e tomar posse como presidente eleito do pa\u00eds. A declara\u00e7\u00e3o&hellip;<\/p>","protected":false},"author":1,"featured_media":44965,"comment_status":"closed","ping_status":"open","sticky":false,"template":"","format":"standard","meta":{"content-type":"","footnotes":""},"categories":[16],"tags":[123,2448,5313,1267],"class_list":["post-44964","post","type-post","status-publish","format-standard","has-post-thumbnail","hentry","category-noticias","tag-brasil","tag-diario","tag-noticia","tag-noticias"],"_links":{"self":[{"href":"https:\/\/tvbrazilusa.com\/pt\/wp-json\/wp\/v2\/posts\/44964","targetHints":{"allow":["GET"]}}],"collection":[{"href":"https:\/\/tvbrazilusa.com\/pt\/wp-json\/wp\/v2\/posts"}],"about":[{"href":"https:\/\/tvbrazilusa.com\/pt\/wp-json\/wp\/v2\/types\/post"}],"author":[{"embeddable":true,"href":"https:\/\/tvbrazilusa.com\/pt\/wp-json\/wp\/v2\/users\/1"}],"replies":[{"embeddable":true,"href":"https:\/\/tvbrazilusa.com\/pt\/wp-json\/wp\/v2\/comments?post=44964"}],"version-history":[{"count":1,"href":"https:\/\/tvbrazilusa.com\/pt\/wp-json\/wp\/v2\/posts\/44964\/revisions"}],"predecessor-version":[{"id":44966,"href":"https:\/\/tvbrazilusa.com\/pt\/wp-json\/wp\/v2\/posts\/44964\/revisions\/44966"}],"wp:featuredmedia":[{"embeddable":true,"href":"https:\/\/tvbrazilusa.com\/pt\/wp-json\/wp\/v2\/media\/44965"}],"wp:attachment":[{"href":"https:\/\/tvbrazilusa.com\/pt\/wp-json\/wp\/v2\/media?parent=44964"}],"wp:term":[{"taxonomy":"category","embeddable":true,"href":"https:\/\/tvbrazilusa.com\/pt\/wp-json\/wp\/v2\/categories?post=44964"},{"taxonomy":"post_tag","embeddable":true,"href":"https:\/\/tvbrazilusa.com\/pt\/wp-json\/wp\/v2\/tags?post=44964"}],"curies":[{"name":"wp","href":"https:\/\/api.w.org\/{rel}","templated":true}]}}