{"id":45016,"date":"2024-10-05T10:51:32","date_gmt":"2024-10-05T10:51:32","guid":{"rendered":"https:\/\/tvbrazilusa.com\/2024\/10\/05\/seca-severa-faz-rio-negro-atingir-nova-baixa-historica-veja\/"},"modified":"2024-10-05T10:51:34","modified_gmt":"2024-10-05T10:51:34","slug":"seca-severa-faz-rio-negro-atingir-nova-baixa-historica-veja","status":"publish","type":"post","link":"https:\/\/tvbrazilusa.com\/pt\/2024\/10\/05\/seca-severa-faz-rio-negro-atingir-nova-baixa-historica-veja\/","title":{"rendered":"Seca severa faz rio Negro atingir nova baixa hist\u00f3rica; veja"},"content":{"rendered":"<p> <script async src=\"https:\/\/pagead2.googlesyndication.com\/pagead\/js\/adsbygoogle.js?client=ca-pub-8864793242727901\"\r\n     crossorigin=\"anonymous\"><\/script><br \/>\n<\/p>\n<div id=\"taboola-read-more\" style=\"display:block; width:100%\">\n<p>O n\u00edvel do rio Negro alcan\u00e7ou 12,66 metros nesta 6\u00aa feira (4.out.2024), o menor desde o in\u00edcio do monitoramento, em 1902. Os dados s\u00e3o do SGB (Servi\u00e7o Geol\u00f3gico do Brasil). As estimativas indicam que o n\u00edvel pode continuar a baixar nos pr\u00f3ximos dias.\n<\/p>\n<p>Na 5\u00aa feira (3.out), o rio, que banha Manaus (AM), estava em 12,68 metros, j\u00e1 abaixo do recorde anterior de 12,70 metros, registrado em 27 de outubro de 2023. A m\u00e9dia de descida \u00e9 de 11 cent\u00edmetros por dia.<\/p>\n<p>Segundo o gerente de Hidrologia e Gest\u00e3o Territorial da Superintend\u00eancia Regional de Manaus, Andre Martinelli, o processo de vazante do rio Negro deve continuar at\u00e9 o final de outubro, quando come\u00e7a a subida das \u00e1guas.\n<\/p>\n<p>\u201cTemos observado uma desacelera\u00e7\u00e3o no ritmo da descida, que passou de 23 cm para 14 cm e, agora, 11 cm por dia\u201d, disse.\n<\/p>\n<p>O rio Negro, maior em extens\u00e3o na Bacia Amaz\u00f4nica e um dos com mais volume de \u00e1gua no mundo, sofre com a seca severa que afeta mais de meio milh\u00e3o de pessoas no Amazonas, prejudicando cerca de 140.300 fam\u00edlias. Todos os munic\u00edpios do Estado est\u00e3o em situa\u00e7\u00e3o de emerg\u00eancia.\n<\/p>\n<p>A recupera\u00e7\u00e3o do n\u00edvel do rio depende da cheia do Solim\u00f5es, que, em 26 de setembro, atingiu a m\u00ednima hist\u00f3rica de -2,54 metros em Tabatinga (AM) e, embora tenha voltado a subir, segue com oscila\u00e7\u00f5es. Nesta 6\u00aa (4.out), a cota em Tabatinga foi de -1,99 metros. Em Manacapuru (AM), o Solim\u00f5es tamb\u00e9m continua em vazante, registrando 2,42 metros.\n<\/p>\n<p><strong>SECA 2024<\/strong>\n<\/p>\n<p>Na regi\u00e3o da Amaz\u00f4nia, al\u00e9m dos focos de inc\u00eandio, a seca toma formas preocupantes. Os munic\u00edpios amaz\u00f4nicos enfrentam cerca de 1 ano de estiagem. \u00c9 a seca mais longa j\u00e1 registrada. S\u00e3o 3 as principais causas:\n<\/p>\n<p>intensidade do El Ni\u00f1o \u2013 o regime de chuvas foi impactado pelo fen\u00f4meno que aquece as \u00e1guas do Oceano Pac\u00edfico. Ele teve o pico no in\u00edcio deste ano e influenciou o come\u00e7o da seca;\n<\/p>\n<p>aquecimento anormal das \u00e1guas do Atl\u00e2ntico Tropical Norte \u2013 a temperatura na regi\u00e3o mar\u00edtima, que fica acima da Am\u00e9rica do Sul, chegou a aumentar de 1,2 \u00b0C a 1,4 \u00b0C em 2023 e 2024;\n<\/p>\n<p>temperaturas globais recordes \u2013 em julho, o mundo bateu o recorde de maior temperatura j\u00e1 registrada na hist\u00f3ria. O cen\u00e1rio cria condi\u00e7\u00f5es para ondas de calor mais fortes.\n<\/p>\n<p>Fonte: Poder360 <\/p>\n<\/div>\n<p><br \/>\n<br \/><a href=\"https:\/\/diariodobrasilnoticias.com.br\/noticia\/seca-severa-faz-rio-negro-atingir-nova-baixa-historica-veja-6701174a9f691\">Source link <\/a><\/p>","protected":false},"excerpt":{"rendered":"<p>O n\u00edvel do rio Negro alcan\u00e7ou 12,66 metros nesta 6\u00aa feira (4.out.2024), o menor desde o in\u00edcio do monitoramento, em 1902. Os dados s\u00e3o do SGB (Servi\u00e7o Geol\u00f3gico do Brasil).&hellip;<\/p>","protected":false},"author":1,"featured_media":45017,"comment_status":"closed","ping_status":"open","sticky":false,"template":"","format":"standard","meta":{"content-type":"","footnotes":""},"categories":[16],"tags":[123,2448,5313,1267],"class_list":["post-45016","post","type-post","status-publish","format-standard","has-post-thumbnail","hentry","category-noticias","tag-brasil","tag-diario","tag-noticia","tag-noticias"],"_links":{"self":[{"href":"https:\/\/tvbrazilusa.com\/pt\/wp-json\/wp\/v2\/posts\/45016","targetHints":{"allow":["GET"]}}],"collection":[{"href":"https:\/\/tvbrazilusa.com\/pt\/wp-json\/wp\/v2\/posts"}],"about":[{"href":"https:\/\/tvbrazilusa.com\/pt\/wp-json\/wp\/v2\/types\/post"}],"author":[{"embeddable":true,"href":"https:\/\/tvbrazilusa.com\/pt\/wp-json\/wp\/v2\/users\/1"}],"replies":[{"embeddable":true,"href":"https:\/\/tvbrazilusa.com\/pt\/wp-json\/wp\/v2\/comments?post=45016"}],"version-history":[{"count":1,"href":"https:\/\/tvbrazilusa.com\/pt\/wp-json\/wp\/v2\/posts\/45016\/revisions"}],"predecessor-version":[{"id":45018,"href":"https:\/\/tvbrazilusa.com\/pt\/wp-json\/wp\/v2\/posts\/45016\/revisions\/45018"}],"wp:featuredmedia":[{"embeddable":true,"href":"https:\/\/tvbrazilusa.com\/pt\/wp-json\/wp\/v2\/media\/45017"}],"wp:attachment":[{"href":"https:\/\/tvbrazilusa.com\/pt\/wp-json\/wp\/v2\/media?parent=45016"}],"wp:term":[{"taxonomy":"category","embeddable":true,"href":"https:\/\/tvbrazilusa.com\/pt\/wp-json\/wp\/v2\/categories?post=45016"},{"taxonomy":"post_tag","embeddable":true,"href":"https:\/\/tvbrazilusa.com\/pt\/wp-json\/wp\/v2\/tags?post=45016"}],"curies":[{"name":"wp","href":"https:\/\/api.w.org\/{rel}","templated":true}]}}