{"id":45019,"date":"2024-10-05T11:05:27","date_gmt":"2024-10-05T11:05:27","guid":{"rendered":"https:\/\/tvbrazilusa.com\/2024\/10\/05\/aviao-da-fab-decola-para-realizar-resgate-de-brasileiros-no-libano\/"},"modified":"2024-10-05T11:05:28","modified_gmt":"2024-10-05T11:05:28","slug":"aviao-da-fab-decola-para-realizar-resgate-de-brasileiros-no-libano","status":"publish","type":"post","link":"https:\/\/tvbrazilusa.com\/pt\/2024\/10\/05\/aviao-da-fab-decola-para-realizar-resgate-de-brasileiros-no-libano\/","title":{"rendered":"Avi\u00e3o da FAB decola para realizar resgate de brasileiros no L\u00edbano"},"content":{"rendered":"<p> <script async src=\"https:\/\/pagead2.googlesyndication.com\/pagead\/js\/adsbygoogle.js?client=ca-pub-8864793242727901\"\r\n     crossorigin=\"anonymous\"><\/script><br \/>\n<\/p>\n<div id=\"taboola-read-more\" style=\"display:block; width:100%\">\n<p>O avi\u00e3o da FAB (For\u00e7a A\u00e9rea Brasileira) que vai repatriar brasileiros que est\u00e3o no L\u00edbano decolou de Lisboa (Portugal) na manh\u00e3 deste s\u00e1bado (5.out.2024). A informa\u00e7\u00e3o \u00e9 da GloboNews. O modelo KC-30 estava em solo portugu\u00eas desde a 4\u00aa feira (2.out), onde aguardava autoriza\u00e7\u00e3o para ir ao L\u00edbano.\n<\/p>\n<p>O resgate sofreu atraso devido ao aumento de bombardeios de Israel a \u00e1reas civis \u2013incluindo regi\u00f5es pr\u00f3ximas ao aeroporto de Beirute, capital do pa\u00eds. O avi\u00e3o decolou \u00e0s 6h55 e deve chegar a Beirute por volta das 11h. O modelo \u00e9 o mesmo utilizado para repatriar brasileiros em Israel em 2023.<\/p>\n<p>Fonte: Poder360 <\/p>\n<\/div>\n<p><br \/>\n<br \/><a href=\"https:\/\/diariodobrasilnoticias.com.br\/noticia\/aviao-da-fab-decola-para-realizar-resgate-de-brasileiros-no-libano-670119eb6f83a\">Source link <\/a><\/p>","protected":false},"excerpt":{"rendered":"<p>O avi\u00e3o da FAB (For\u00e7a A\u00e9rea Brasileira) que vai repatriar brasileiros que est\u00e3o no L\u00edbano decolou de Lisboa (Portugal) na manh\u00e3 deste s\u00e1bado (5.out.2024). A informa\u00e7\u00e3o \u00e9 da GloboNews. O&hellip;<\/p>","protected":false},"author":1,"featured_media":45020,"comment_status":"closed","ping_status":"open","sticky":false,"template":"","format":"standard","meta":{"content-type":"","footnotes":""},"categories":[16],"tags":[123,2448,5313,1267],"class_list":["post-45019","post","type-post","status-publish","format-standard","has-post-thumbnail","hentry","category-noticias","tag-brasil","tag-diario","tag-noticia","tag-noticias"],"_links":{"self":[{"href":"https:\/\/tvbrazilusa.com\/pt\/wp-json\/wp\/v2\/posts\/45019","targetHints":{"allow":["GET"]}}],"collection":[{"href":"https:\/\/tvbrazilusa.com\/pt\/wp-json\/wp\/v2\/posts"}],"about":[{"href":"https:\/\/tvbrazilusa.com\/pt\/wp-json\/wp\/v2\/types\/post"}],"author":[{"embeddable":true,"href":"https:\/\/tvbrazilusa.com\/pt\/wp-json\/wp\/v2\/users\/1"}],"replies":[{"embeddable":true,"href":"https:\/\/tvbrazilusa.com\/pt\/wp-json\/wp\/v2\/comments?post=45019"}],"version-history":[{"count":1,"href":"https:\/\/tvbrazilusa.com\/pt\/wp-json\/wp\/v2\/posts\/45019\/revisions"}],"predecessor-version":[{"id":45021,"href":"https:\/\/tvbrazilusa.com\/pt\/wp-json\/wp\/v2\/posts\/45019\/revisions\/45021"}],"wp:featuredmedia":[{"embeddable":true,"href":"https:\/\/tvbrazilusa.com\/pt\/wp-json\/wp\/v2\/media\/45020"}],"wp:attachment":[{"href":"https:\/\/tvbrazilusa.com\/pt\/wp-json\/wp\/v2\/media?parent=45019"}],"wp:term":[{"taxonomy":"category","embeddable":true,"href":"https:\/\/tvbrazilusa.com\/pt\/wp-json\/wp\/v2\/categories?post=45019"},{"taxonomy":"post_tag","embeddable":true,"href":"https:\/\/tvbrazilusa.com\/pt\/wp-json\/wp\/v2\/tags?post=45019"}],"curies":[{"name":"wp","href":"https:\/\/api.w.org\/{rel}","templated":true}]}}