{"id":45022,"date":"2024-10-05T11:17:14","date_gmt":"2024-10-05T11:17:14","guid":{"rendered":"https:\/\/tvbrazilusa.com\/2024\/10\/05\/mesmo-com-perfil-reserva-pablo-marcal-foi-o-que-mais-ganhou-seguidores-durante-a-campanha-uma-media-de-1333-mil-por-dia\/"},"modified":"2024-10-05T11:17:20","modified_gmt":"2024-10-05T11:17:20","slug":"mesmo-com-perfil-reserva-pablo-marcal-foi-o-que-mais-ganhou-seguidores-durante-a-campanha-uma-media-de-1333-mil-por-dia","status":"publish","type":"post","link":"https:\/\/tvbrazilusa.com\/pt\/2024\/10\/05\/mesmo-com-perfil-reserva-pablo-marcal-foi-o-que-mais-ganhou-seguidores-durante-a-campanha-uma-media-de-1333-mil-por-dia\/","title":{"rendered":"Mesmo com perfil reserva, Pablo Mar\u00e7al foi o que mais ganhou seguidores durante a campanha; uma m\u00e9dia de 133,3 mil por dia"},"content":{"rendered":"<p> <script async src=\"https:\/\/pagead2.googlesyndication.com\/pagead\/js\/adsbygoogle.js?client=ca-pub-8864793242727901\"\r\n     crossorigin=\"anonymous\"><\/script><br \/>\n<\/p>\n<div id=\"taboola-read-more\" style=\"display:block; width:100%\">\n<p>O ex-coachPablo Mar\u00e7al (PRTB) foi o candidato \u00e0 Prefeitura de S\u00e3o Paulo que mais ganhou seguidores em seu perfil reserva no Instagram durante a campanha eleitoral. Levantamento realizado pelo Poder360 mostra que o empres\u00e1rio ganhou 5,6 milh\u00f5es de seguidores de 24 de agosto at\u00e9 10h30 dessa 6\u00aa feira (4.out.2024). O resultado mostra uma m\u00e9dia de 133,3 mil por dia \u2013o triplo do que atual prefeito Ricardo Nunes (MDB) ganhou em todo o per\u00edodo.\n<\/p>\n<p>O empres\u00e1rio usa uma conta reserva desde que teve os seus perfis oficiais banidos por determina\u00e7\u00e3o do TRE-SP (Tribunal Regional Eleitoral de S\u00e3o Paulo), em 24 de agosto. O candidato do PRTB \u00e9 investigado por suspeita de abuso de poder econ\u00f4mico e uso indevido de meios de comunica\u00e7\u00e3o.<\/p>\n<p>Depois de Mar\u00e7al, quem mais cresceu no Instagram foi a deputada federalTabata Amaral (PSB), que conquistou 150.121 novos seguidores, alcan\u00e7ando 1.698.794 no total. Foi seguida pelo apresentador Jose Luiz Datena (PSDB), que chegou ao fim da campanha deste 1\u00ba turno com 1.096.687 seguidores (+135.630 no per\u00edodo). Marina Helena (Novo) ganhou 137.612, somando 421.847.\n<\/p>\n<p>J\u00e1 Nunes, que busca a reelei\u00e7\u00e3o, teve o menor crescimento na rede social: 41.890, totalizando 1.014.832.\n<\/p>\n<\/p>\n<p>\u201cCADEIRADA\u201d IMPULSIONA MAR\u00c7AL\n<\/p>\n<p>Mar\u00e7al ganhou um n\u00famero expressivo de seguidores depois do debate feito pela TV Cultura no dia 15 de setembro. O empres\u00e1rio levou uma \u201ccadeirada\u201d do candidato Jos\u00e9 Luiz Datena, que foi expulso em seguida. O ex-coach deixou o local e foi encaminhado para o Hospital S\u00edrio-Liban\u00eas.\n<\/p>\n<p>Na manh\u00e3 do 16 de setembro, o empres\u00e1rio chegou a 4.870.866 seguidores no Instagram, com 323.753 a mais que o dia anterior. Datena ganhou s\u00f3 49,5 mil novos seguidores, totalizando 1.013.662.\n<\/p>\n<p>Fonte: Poder360 <\/p>\n<\/div>\n<p><br \/>\n<br \/><a href=\"https:\/\/diariodobrasilnoticias.com.br\/noticia\/mesmo-com-perfil-reserva-pablo-marcal-foi-o-que-mais-ganhou-seguidores-durante-a-campanha-uma-media-de-133-3-mil-por-dia-67011c3b7f4bd\">Source link <\/a><\/p>","protected":false},"excerpt":{"rendered":"<p>O ex-coachPablo Mar\u00e7al (PRTB) foi o candidato \u00e0 Prefeitura de S\u00e3o Paulo que mais ganhou seguidores em seu perfil reserva no Instagram durante a campanha eleitoral. Levantamento realizado pelo Poder360&hellip;<\/p>","protected":false},"author":1,"featured_media":45023,"comment_status":"closed","ping_status":"open","sticky":false,"template":"","format":"standard","meta":{"content-type":"","footnotes":""},"categories":[16],"tags":[123,2448,5313,1267],"class_list":["post-45022","post","type-post","status-publish","format-standard","has-post-thumbnail","hentry","category-noticias","tag-brasil","tag-diario","tag-noticia","tag-noticias"],"_links":{"self":[{"href":"https:\/\/tvbrazilusa.com\/pt\/wp-json\/wp\/v2\/posts\/45022","targetHints":{"allow":["GET"]}}],"collection":[{"href":"https:\/\/tvbrazilusa.com\/pt\/wp-json\/wp\/v2\/posts"}],"about":[{"href":"https:\/\/tvbrazilusa.com\/pt\/wp-json\/wp\/v2\/types\/post"}],"author":[{"embeddable":true,"href":"https:\/\/tvbrazilusa.com\/pt\/wp-json\/wp\/v2\/users\/1"}],"replies":[{"embeddable":true,"href":"https:\/\/tvbrazilusa.com\/pt\/wp-json\/wp\/v2\/comments?post=45022"}],"version-history":[{"count":1,"href":"https:\/\/tvbrazilusa.com\/pt\/wp-json\/wp\/v2\/posts\/45022\/revisions"}],"predecessor-version":[{"id":45024,"href":"https:\/\/tvbrazilusa.com\/pt\/wp-json\/wp\/v2\/posts\/45022\/revisions\/45024"}],"wp:featuredmedia":[{"embeddable":true,"href":"https:\/\/tvbrazilusa.com\/pt\/wp-json\/wp\/v2\/media\/45023"}],"wp:attachment":[{"href":"https:\/\/tvbrazilusa.com\/pt\/wp-json\/wp\/v2\/media?parent=45022"}],"wp:term":[{"taxonomy":"category","embeddable":true,"href":"https:\/\/tvbrazilusa.com\/pt\/wp-json\/wp\/v2\/categories?post=45022"},{"taxonomy":"post_tag","embeddable":true,"href":"https:\/\/tvbrazilusa.com\/pt\/wp-json\/wp\/v2\/tags?post=45022"}],"curies":[{"name":"wp","href":"https:\/\/api.w.org\/{rel}","templated":true}]}}