{"id":45025,"date":"2024-10-05T11:31:33","date_gmt":"2024-10-05T11:31:33","guid":{"rendered":"https:\/\/tvbrazilusa.com\/2024\/10\/05\/saiba-como-verificar-seu-local-de-votacao-e-zona-eleitoral\/"},"modified":"2024-10-05T11:31:36","modified_gmt":"2024-10-05T11:31:36","slug":"saiba-como-verificar-seu-local-de-votacao-e-zona-eleitoral","status":"publish","type":"post","link":"https:\/\/tvbrazilusa.com\/pt\/2024\/10\/05\/saiba-como-verificar-seu-local-de-votacao-e-zona-eleitoral\/","title":{"rendered":"Saiba como verificar seu local de vota\u00e7\u00e3o e zona eleitoral"},"content":{"rendered":"<p> <script async src=\"https:\/\/pagead2.googlesyndication.com\/pagead\/js\/adsbygoogle.js?client=ca-pub-8864793242727901\"\r\n     crossorigin=\"anonymous\"><\/script><br \/>\n<\/p>\n<div id=\"taboola-read-more\" style=\"display:block; width:100%\">\n<p>Mais de 155,9 milh\u00f5es de brasileiras e brasileiros v\u00e3o \u00e0s urnas no domingo (6.out.2024) para escolher vereadores e prefeitos dos munic\u00edpios de 26 Estados para um mandato de 4 anos. O hor\u00e1rio de vota\u00e7\u00e3o ser\u00e1 das 8h \u00e0s 17h (hor\u00e1rio de Bras\u00edlia).\n<\/p>\n<p>O Eleitorado pode consultar mudan\u00e7as de endere\u00e7o ou se\u00e7\u00e3o de voto nos canais virtuais da Justi\u00e7a Eleitoral. As consultas podem ser feitas pelo site do TSE (Tribunal Superior Eleitoral) ou pelo aplicativo e-T\u00edtulo.<\/p>\n<p>No site, \u00e9 preciso entrar na aba \u201cservi\u00e7os eleitorais\u201d, clicar em \u201clocal de vota\u00e7\u00e3o\/zonas eleitorais\u201d e, ent\u00e3o, \u201cconsulte onde votar\u201d. No \u201conde votar\u201d, basta fornecer o nome, CPF ou n\u00famero do t\u00edtulo eleitoral, al\u00e9m da data de nascimento e nome da m\u00e3e.\n<\/p>\n<p>A outra op\u00e7\u00e3o \u00e9 o aplicativo e-T\u00edtulo, acess\u00edvel por t\u00edtulos eleitorais regulares e suspensos. Caso esteja com o t\u00edtulo cancelado, n\u00e3o ser\u00e1 poss\u00edvel acessar o e-T\u00edtulo.\n<\/p>\n<p>Ao baixar o aplicativo e cadastrar os mesmos dados fornecidos \u00e0 Justi\u00e7a eleitoral, basta ir at\u00e9 a op\u00e7\u00e3o \u201conde votar\u201d para encontrar o endere\u00e7o, a zona e a se\u00e7\u00e3o eleitoral.\n<\/p>\n<p>Para evitar instabilidade no sistema, s\u00f3 ser\u00e1 poss\u00edvel obter ou atualizar o e-T\u00edtulo, antes da vota\u00e7\u00e3o, at\u00e9 este s\u00e1bado (5.out). Para baixar o aplicativo, \u00e9 preciso entrar nas lojas virtuais das plataformas iOS ou Android e fazer o download.\n<\/p>\n<p><strong>VOTA\u00c7\u00c3O<\/strong>\n<\/p>\n<p>A vota\u00e7\u00e3o come\u00e7a com a escolha para vereador, seguida pelo prefeito. Para o cargo de vereador, os eleitores s\u00f3 t\u00eam este domingo para votar. Em caso de 2\u00ba turno, o pleito para eleger prefeito e vice-prefeito da cidade ser\u00e1 realizado em 27 de outubro de 2024.\n<\/p>\n<p>Cidad\u00e3os de 18 a 70 anos s\u00e3o obrigados a votar. Para analfabetos, maiores de 70 anos e jovens de 16 e 17 anos, o voto \u00e9 facultativo.\n<\/p>\n<p><strong>HOR\u00c1RIOS EXCEPCIONAIS<\/strong><br \/>Os hor\u00e1rios de abertura e encerramento das urnas podem variar dependendo da regi\u00e3o.\n<\/p>\n<p>No Acre e em 11 munic\u00edpios do Amazonas, a vota\u00e7\u00e3o come\u00e7a \u00e0s 6h e se encerra \u00e0s 15h, no hor\u00e1rio local do Acre.\n<\/p>\n<p>S\u00e3o eles:\n<\/p>\n<p>Amatur\u00e1;<br \/>Atalaia do Norte;<br \/>Benjamin Constant;<br \/>Eirunep\u00e9;<br \/>Envira;<br \/>Guajar\u00e1;<br \/>Ipixuna;<br \/>Itamarati;<br \/>Tabatinga;<br \/>S\u00e3o Paulo de Oliven\u00e7a; e<br \/>Juta\u00ed.\n<\/p>\n<p>No restante do Estado do Amazonas e nos Estados de Roraima, Par\u00e1, Rond\u00f4nia, Mato Grosso e Mato Grosso do Sul, a vota\u00e7\u00e3o se inicia \u00e0s 7h e se encerra \u00e0s 16h.\n<\/p>\n<p><strong>CANDIDATOS<\/strong>\n<\/p>\n<p>As elei\u00e7\u00f5es municipais deste ano t\u00eam o menor n\u00famero de candidatos desde 2008, quando houve 381.327 inscritos. S\u00e3o 454.689 registros em 2024. \u00c9 uma queda de 18% ante 2020, quando haviam sido 557,7 mil candidaturas. Os dados s\u00e3o do TSE (Tribunal Superior Eleitoral).\n<\/p>\n<\/p>\n<p><img fetchpriority=\"high\" decoding=\"async\" src=\"https:\/\/static.poder360.com.br\/2024\/08\/eleicoes-municipais-total-prefeitos.png\" alt=\"\" width=\"1667\" height=\"1667\"\/>\n<\/p>\n<p><img decoding=\"async\" src=\"https:\/\/static.poder360.com.br\/2024\/08\/eleicoes-municipais-total-vice.png\" alt=\"\" width=\"1667\" height=\"1667\"\/>\n<\/p>\n<p><img decoding=\"async\" src=\"https:\/\/static.poder360.com.br\/2024\/08\/eleicoes-municipais-total-vereador.png\" alt=\"\" width=\"1667\" height=\"1667\"\/>\n<\/p>\n<p>Fonte: Poder360 <\/p>\n<\/div>\n<p><br \/>\n<br \/><a href=\"https:\/\/diariodobrasilnoticias.com.br\/noticia\/saiba-como-verificar-seu-local-de-votacao-e-zona-eleitoral-67011f9df1164\">Source link <\/a><\/p>","protected":false},"excerpt":{"rendered":"<p>Mais de 155,9 milh\u00f5es de brasileiras e brasileiros v\u00e3o \u00e0s urnas no domingo (6.out.2024) para escolher vereadores e prefeitos dos munic\u00edpios de 26 Estados para um mandato de 4 anos.&hellip;<\/p>","protected":false},"author":1,"featured_media":45026,"comment_status":"closed","ping_status":"open","sticky":false,"template":"","format":"standard","meta":{"content-type":"","footnotes":""},"categories":[16],"tags":[123,2448,5313,1267],"class_list":["post-45025","post","type-post","status-publish","format-standard","has-post-thumbnail","hentry","category-noticias","tag-brasil","tag-diario","tag-noticia","tag-noticias"],"_links":{"self":[{"href":"https:\/\/tvbrazilusa.com\/pt\/wp-json\/wp\/v2\/posts\/45025","targetHints":{"allow":["GET"]}}],"collection":[{"href":"https:\/\/tvbrazilusa.com\/pt\/wp-json\/wp\/v2\/posts"}],"about":[{"href":"https:\/\/tvbrazilusa.com\/pt\/wp-json\/wp\/v2\/types\/post"}],"author":[{"embeddable":true,"href":"https:\/\/tvbrazilusa.com\/pt\/wp-json\/wp\/v2\/users\/1"}],"replies":[{"embeddable":true,"href":"https:\/\/tvbrazilusa.com\/pt\/wp-json\/wp\/v2\/comments?post=45025"}],"version-history":[{"count":1,"href":"https:\/\/tvbrazilusa.com\/pt\/wp-json\/wp\/v2\/posts\/45025\/revisions"}],"predecessor-version":[{"id":45027,"href":"https:\/\/tvbrazilusa.com\/pt\/wp-json\/wp\/v2\/posts\/45025\/revisions\/45027"}],"wp:featuredmedia":[{"embeddable":true,"href":"https:\/\/tvbrazilusa.com\/pt\/wp-json\/wp\/v2\/media\/45026"}],"wp:attachment":[{"href":"https:\/\/tvbrazilusa.com\/pt\/wp-json\/wp\/v2\/media?parent=45025"}],"wp:term":[{"taxonomy":"category","embeddable":true,"href":"https:\/\/tvbrazilusa.com\/pt\/wp-json\/wp\/v2\/categories?post=45025"},{"taxonomy":"post_tag","embeddable":true,"href":"https:\/\/tvbrazilusa.com\/pt\/wp-json\/wp\/v2\/tags?post=45025"}],"curies":[{"name":"wp","href":"https:\/\/api.w.org\/{rel}","templated":true}]}}