{"id":45031,"date":"2024-10-05T12:09:46","date_gmt":"2024-10-05T12:09:46","guid":{"rendered":"https:\/\/tvbrazilusa.com\/2024\/10\/05\/ministra-carmen-lucia-fala-em-cabresto-digital-na-eleicao-e-regulacao-das-redes-veja-o-que-disse-a-ministra\/"},"modified":"2024-10-05T12:09:48","modified_gmt":"2024-10-05T12:09:48","slug":"ministra-carmen-lucia-fala-em-cabresto-digital-na-eleicao-e-regulacao-das-redes-veja-o-que-disse-a-ministra","status":"publish","type":"post","link":"https:\/\/tvbrazilusa.com\/pt\/2024\/10\/05\/ministra-carmen-lucia-fala-em-cabresto-digital-na-eleicao-e-regulacao-das-redes-veja-o-que-disse-a-ministra\/","title":{"rendered":"Ministra C\u00e1rmen L\u00facia fala em &#8216;cabresto digital&#8217; na elei\u00e7\u00e3o e regula\u00e7\u00e3o das redes; veja o que disse a ministra"},"content":{"rendered":"<p> <script async src=\"https:\/\/pagead2.googlesyndication.com\/pagead\/js\/adsbygoogle.js?client=ca-pub-8864793242727901\"\r\n     crossorigin=\"anonymous\"><\/script><br \/>\n<\/p>\n<div id=\"taboola-read-more\" style=\"display:block; width:100%\">\n<p>A 2 dias do 1\u00ba turno das elei\u00e7\u00f5es municipais, a presidente do TSE (Tribunal Superior Eleitoral), C\u00e1rmen L\u00facia, voltou a criticar a propaga\u00e7\u00e3o de desinforma\u00e7\u00e3o e fake news nas redes sociais. Para a ministra, o consumo de informa\u00e7\u00f5es falsas por eleitores \u00e9 um fen\u00f4meno do que definiu como \u201ccabresto digital\u201d.\n<\/p>\n<p>C\u00e1rmen relaciona esse problema \u00e0 abund\u00e2ncia de informa\u00e7\u00f5es nas plataformas e a velocidade que elas s\u00e3o disponibilizadas \u2013o que, segundo a ministra, pode levar \u00e0 falta de um olhar cr\u00edtico pelo usu\u00e1rio que l\u00ea e ouve \u00e0s opini\u00f5es as quais \u00e9 exposto.<\/p>\n<p>\u201cA gente acha que viu, acha que pensou, mas algu\u00e9m pensou por n\u00f3s. E pelo volume, pela velocidade, pela viraliza\u00e7\u00e3o, nos deixou sem condi\u00e7\u00f5es de escolher livremente, escolher inclusive votos livremente, escolher candidatos livremente. Criamos agora, no Brasil, o cabresto digital. Algu\u00e9m p\u00f5e no nosso celular, no nosso computador, algo que nos desinforma e nos encabe\u00e7a para o mesmo lugar\u201d, afirmou.\n<\/p>\n<p>As declara\u00e7\u00f5es foram feitas durante a abertura de um ciclo de palestras sobre elei\u00e7\u00f5es e os desafios da era digital. Os encontros come\u00e7aram nesta 6\u00aa feira (4.out) e v\u00e3o at\u00e9 domingo (6.out), dia do 1\u00ba turno.\n<\/p>\n<p>C\u00e1rmen tamb\u00e9m defendeu a regula\u00e7\u00e3o das redes, tema que j\u00e1 est\u00e1 h\u00e1 algum tempo no radar do Congresso e do STF. Ela diz que, embora o movimento de impor novas normas ao funcionamento das plataformas no Brasil seja visto como poss\u00edvel \u201ccensura\u201d pelas respectivas empresas, isso \u201cn\u00e3o \u00e9 verdade\u201d.\n<\/p>\n<p>\u201cEssas m\u00e1quinas v\u00eam tentando capturar a liberdade de express\u00e3o, que \u00e9 uma conquista democr\u00e1tica da humanidade, afirmando que qualquer regula\u00e7\u00e3o seria uma forma de censurar a livre express\u00e3o. Isso tamb\u00e9m \u00e9 mentira, \u00e9 fake news, porque h\u00e1 uma manipula\u00e7\u00e3o das liberdades por esse abuso de desinforma\u00e7\u00e3o\u201d, disse.\n<\/p>\n<p>As cr\u00edticas da ministra n\u00e3o s\u00e3o novas. No dia de sua posse como presidente do TSE, em junho desse ano, ela deu sinais de que seguiria no combate \u00e0 desinforma\u00e7\u00e3o como fez seu antecessor, Alexandre de Moraes. Na data, ela citou um \u201cdesaforo tir\u00e2nico das redes sociais contra a integridade da democracia\u201d.\n<\/p>\n<p>Na mesma esteira, nesta 6\u00aa feira (4.out), C\u00e1rmen disse que \u201co algoritmo tem um dono, tem interesses e n\u00e3o liga muito para os outros, a n\u00e3o ser para aquele que o domina\u201d.\n<\/p>\n<p>O TSE tamb\u00e9m vem atuando para conter a desinforma\u00e7\u00e3o nas redes que possam afetar o pleito. Em fevereiro, ainda sob o comando de Moraes, o tribunal aprovou uma s\u00e9rie de resolu\u00e7\u00f5es que deveriam reger as elei\u00e7\u00f5es de 2024 \u2013inclusive para responsabilizar as plataformas em caso de fake news.\n<\/p>\n<p>A ministra tamb\u00e9m fez pondera\u00e7\u00f5es quanto ao uso da tecnologia. Disse que, apesar das potencialidades negativas, os avan\u00e7os digitais tamb\u00e9m podem ajudar a sociedade. No entanto, afirmou que o Brasil, com uma popula\u00e7\u00e3o de mais de 200 milh\u00f5es de habitantes, \u00e9 um \u201calvo preferencial\u201d dos que se beneficiam financeiramente dos \u201cabusos das m\u00e1quinas\u201d.\n<\/p>\n<p>\u201cN\u00f3s somos um alvo preferencial daqueles que ganham com todos os recursos, pelo abuso das m\u00e1quinas, e por isso mesmo nos fazem alvo tamb\u00e9m preferencial dos tresloucados algoritmos, os irrespons\u00e1veis, e por isso mesmo s\u00e3o interesseiros naquilo que os seus propriet\u00e1rios querem\u201d, afirmou.\n<\/p>\n<p>Al\u00e9m de C\u00e1rmen L\u00facia, tamb\u00e9m falaram no encontro a embaixadora de Gana, Abena Busia \u2013pa\u00eds que ter\u00e1 elei\u00e7\u00f5es em dezembro \u2013e os embaixadores do Uruguai e do Chile, Guillermo Valles e Sebasti\u00e1n Depolo.\n<\/p>\n<p>No dia do 1\u00ba turno, 6 de outubro, os convidados ser\u00e3o levados a Valpara\u00edso de Goi\u00e1s (GO), cidade pr\u00f3xima \u00e0 Bras\u00edlia, para visitar uma se\u00e7\u00e3o de vota\u00e7\u00e3o. Em seguida, visitar\u00e3o um cart\u00f3rio eleitoral para acompanhar a transmiss\u00e3o de votos.\n<\/p>\n<p>Fonte: Poder360 <\/p>\n<\/div>\n<p><br \/>\n<br \/><a href=\"https:\/\/diariodobrasilnoticias.com.br\/noticia\/ministra-carmen-lucia-fala-em-cabresto-digital-na-eleicao-e-regulacao-das-redes-veja-o-que-disse-a-ministra-67012a6c9dbb9\">Source link <\/a><\/p>","protected":false},"excerpt":{"rendered":"<p>A 2 dias do 1\u00ba turno das elei\u00e7\u00f5es municipais, a presidente do TSE (Tribunal Superior Eleitoral), C\u00e1rmen L\u00facia, voltou a criticar a propaga\u00e7\u00e3o de desinforma\u00e7\u00e3o e fake news nas redes&hellip;<\/p>","protected":false},"author":1,"featured_media":45032,"comment_status":"closed","ping_status":"open","sticky":false,"template":"","format":"standard","meta":{"content-type":"","footnotes":""},"categories":[16],"tags":[123,2448,5313,1267],"class_list":["post-45031","post","type-post","status-publish","format-standard","has-post-thumbnail","hentry","category-noticias","tag-brasil","tag-diario","tag-noticia","tag-noticias"],"_links":{"self":[{"href":"https:\/\/tvbrazilusa.com\/pt\/wp-json\/wp\/v2\/posts\/45031","targetHints":{"allow":["GET"]}}],"collection":[{"href":"https:\/\/tvbrazilusa.com\/pt\/wp-json\/wp\/v2\/posts"}],"about":[{"href":"https:\/\/tvbrazilusa.com\/pt\/wp-json\/wp\/v2\/types\/post"}],"author":[{"embeddable":true,"href":"https:\/\/tvbrazilusa.com\/pt\/wp-json\/wp\/v2\/users\/1"}],"replies":[{"embeddable":true,"href":"https:\/\/tvbrazilusa.com\/pt\/wp-json\/wp\/v2\/comments?post=45031"}],"version-history":[{"count":1,"href":"https:\/\/tvbrazilusa.com\/pt\/wp-json\/wp\/v2\/posts\/45031\/revisions"}],"predecessor-version":[{"id":45033,"href":"https:\/\/tvbrazilusa.com\/pt\/wp-json\/wp\/v2\/posts\/45031\/revisions\/45033"}],"wp:featuredmedia":[{"embeddable":true,"href":"https:\/\/tvbrazilusa.com\/pt\/wp-json\/wp\/v2\/media\/45032"}],"wp:attachment":[{"href":"https:\/\/tvbrazilusa.com\/pt\/wp-json\/wp\/v2\/media?parent=45031"}],"wp:term":[{"taxonomy":"category","embeddable":true,"href":"https:\/\/tvbrazilusa.com\/pt\/wp-json\/wp\/v2\/categories?post=45031"},{"taxonomy":"post_tag","embeddable":true,"href":"https:\/\/tvbrazilusa.com\/pt\/wp-json\/wp\/v2\/tags?post=45031"}],"curies":[{"name":"wp","href":"https:\/\/api.w.org\/{rel}","templated":true}]}}