{"id":45036,"date":"2024-10-05T12:21:35","date_gmt":"2024-10-05T12:21:35","guid":{"rendered":"https:\/\/tvbrazilusa.com\/2024\/10\/05\/urgente-marcal-apresenta-laudo-em-que-atesta-que-boulos-usou-cocaina-quadro-de-surto-psicologico-grave-e-surto-persecutorio-de-ideias-homicidas\/"},"modified":"2024-10-05T12:21:36","modified_gmt":"2024-10-05T12:21:36","slug":"urgente-marcal-apresenta-laudo-em-que-atesta-que-boulos-usou-cocaina-quadro-de-surto-psicologico-grave-e-surto-persecutorio-de-ideias-homicidas","status":"publish","type":"post","link":"https:\/\/tvbrazilusa.com\/pt\/2024\/10\/05\/urgente-marcal-apresenta-laudo-em-que-atesta-que-boulos-usou-cocaina-quadro-de-surto-psicologico-grave-e-surto-persecutorio-de-ideias-homicidas\/","title":{"rendered":"Urgente: Mar\u00e7al apresenta Laudo em que atesta que Boulos usou coca\u00edna: \u201cquadro de surto psicol\u00f3gico grave e surto persecut\u00f3rio de ideias homicidas\u201d"},"content":{"rendered":"<p> <script async src=\"https:\/\/pagead2.googlesyndication.com\/pagead\/js\/adsbygoogle.js?client=ca-pub-8864793242727901\"\r\n     crossorigin=\"anonymous\"><\/script><br \/>\n<\/p>\n<div id=\"taboola-read-more\" style=\"display:block; width:100%\">\n<p>A disputa eleitoral entre os candidatos Pablo Mar\u00e7al (PRTB) e Guilherme Boulos (PSOL) ganhou contornos dram\u00e1ticos nesta semana ap\u00f3s uma acusa\u00e7\u00e3o de Mar\u00e7al, que divulgou um laudo m\u00e9dico alegando que Boulos teria sido internado em um hospital ap\u00f3s um surto psic\u00f3tico, decorrente do uso de subst\u00e2ncias il\u00edcitas, incluindo coca\u00edna.\u00a0\n<\/p>\n<p>De acordo com Mar\u00e7al, o laudo m\u00e9dico indicaria que Boulos foi internado com sintomas de surto psic\u00f3tico, incluindo ideias de homic\u00eddio, e que exames realizados durante o atendimento confirmaram a presen\u00e7a de coca\u00edna em seu organismo.\u00a0<\/p>\n<p>Em resposta \u00e0s acusa\u00e7\u00f5es, o candidato do PSOL desmentiu as informa\u00e7\u00f5es e classificou o laudo como uma tentativa de difama\u00e7\u00e3o e que vai pedir a pris\u00e3o de Mar\u00e7al. <\/p>\n<\/div>\n<p><br \/>\n<br \/><a href=\"https:\/\/diariodobrasilnoticias.com.br\/noticia\/urgente-marcal-apresenta-laudo-em-que-atesta-que-boulos-usou-cocaina-quadro-de-surto-psicologico-grave-e-surto-persecutorio-de-ideias-homicidas-67012c1cad0c0\">Source link <\/a><\/p>","protected":false},"excerpt":{"rendered":"<p>A disputa eleitoral entre os candidatos Pablo Mar\u00e7al (PRTB) e Guilherme Boulos (PSOL) ganhou contornos dram\u00e1ticos nesta semana ap\u00f3s uma acusa\u00e7\u00e3o de Mar\u00e7al, que divulgou um laudo m\u00e9dico alegando que&hellip;<\/p>","protected":false},"author":1,"featured_media":45037,"comment_status":"closed","ping_status":"open","sticky":false,"template":"","format":"standard","meta":{"content-type":"","footnotes":""},"categories":[16],"tags":[123,2448,5313,1267],"class_list":["post-45036","post","type-post","status-publish","format-standard","has-post-thumbnail","hentry","category-noticias","tag-brasil","tag-diario","tag-noticia","tag-noticias"],"_links":{"self":[{"href":"https:\/\/tvbrazilusa.com\/pt\/wp-json\/wp\/v2\/posts\/45036","targetHints":{"allow":["GET"]}}],"collection":[{"href":"https:\/\/tvbrazilusa.com\/pt\/wp-json\/wp\/v2\/posts"}],"about":[{"href":"https:\/\/tvbrazilusa.com\/pt\/wp-json\/wp\/v2\/types\/post"}],"author":[{"embeddable":true,"href":"https:\/\/tvbrazilusa.com\/pt\/wp-json\/wp\/v2\/users\/1"}],"replies":[{"embeddable":true,"href":"https:\/\/tvbrazilusa.com\/pt\/wp-json\/wp\/v2\/comments?post=45036"}],"version-history":[{"count":1,"href":"https:\/\/tvbrazilusa.com\/pt\/wp-json\/wp\/v2\/posts\/45036\/revisions"}],"predecessor-version":[{"id":45038,"href":"https:\/\/tvbrazilusa.com\/pt\/wp-json\/wp\/v2\/posts\/45036\/revisions\/45038"}],"wp:featuredmedia":[{"embeddable":true,"href":"https:\/\/tvbrazilusa.com\/pt\/wp-json\/wp\/v2\/media\/45037"}],"wp:attachment":[{"href":"https:\/\/tvbrazilusa.com\/pt\/wp-json\/wp\/v2\/media?parent=45036"}],"wp:term":[{"taxonomy":"category","embeddable":true,"href":"https:\/\/tvbrazilusa.com\/pt\/wp-json\/wp\/v2\/categories?post=45036"},{"taxonomy":"post_tag","embeddable":true,"href":"https:\/\/tvbrazilusa.com\/pt\/wp-json\/wp\/v2\/tags?post=45036"}],"curies":[{"name":"wp","href":"https:\/\/api.w.org\/{rel}","templated":true}]}}